{"id":10018,"date":"2020-01-28T08:58:50","date_gmt":"2020-01-28T11:58:50","guid":{"rendered":"http:\/\/ipv.salta.gov.ar\/?p=10018"},"modified":"2020-01-28T08:58:50","modified_gmt":"2020-01-28T11:58:50","slug":"relevamiento-del-ipv-a-familias-originarias-de-urundel","status":"publish","type":"post","link":"http:\/\/ipv.salta.gov.ar\/?p=10018","title":{"rendered":"Relevamiento del IPV a familias originarias de Urundel"},"content":{"rendered":"<figure class=\"wp-block-image size-large\"><img decoding=\"async\" loading=\"lazy\" width=\"436\" height=\"327\" src=\"http:\/\/ipv.salta.gov.ar\/wp-content\/uploads\/2020\/01\/urundel1.png\" alt=\"\" class=\"wp-image-10019\" srcset=\"http:\/\/ipv.salta.gov.ar\/wp-content\/uploads\/2020\/01\/urundel1.png 436w, http:\/\/ipv.salta.gov.ar\/wp-content\/uploads\/2020\/01\/urundel1-300x225.png 300w\" sizes=\"(max-width: 436px) 100vw, 436px\" \/><\/figure>\n<p> El equipo t\u00e9cnico y social del organismo entrevist\u00f3 a 30 familias para conocer su situaci\u00f3n de h\u00e1bitat. La visita fue coordinada con el municipio. <\/p>\n<p><!--more--><\/p>\n<p>Personal del Instituto Provincial de Vivienda (IPV) dialog\u00f3&nbsp;con m\u00e1s de 30 familias de pueblos originarios de Urundel (departamento Or\u00e1n) para conocer las condiciones de h\u00e1bitat. La visita fue coordinada con el municipio.<\/p>\n<p>El trabajo se situ\u00f3 en barrio 24 de Septiembre, donde se realizaron entrevistas minuciosas con los lugare\u00f1os: de las 30 familias encuestadas, la mayor\u00eda no superaba los cinco integrantes. Tambi\u00e9n se registraron cinco casos de discapacidad, ninguno motriz.<\/p>\n<p>El equipo t\u00e9cnico y social del organismo salte\u00f1o realiza relevamientos en toda la provincia, siguiendo la orientaci\u00f3n federal del Gobierno provincial. En territorio tom\u00f3 nota de las necesidades perentorias tanto de soluciones habitacionales, referidas a ampliaciones o completamientos de casas, como de servicios.<\/p>\n","protected":false},"excerpt":{"rendered":"<p>El equipo t\u00e9cnico y social del organismo entrevist\u00f3 a 30 familias para conocer su situaci\u00f3n de h\u00e1bitat. La visita fue coordinada con el municipio.<\/p>\n","protected":false},"author":4,"featured_media":10019,"comment_status":"closed","ping_status":"closed","sticky":false,"template":"","format":"standard","meta":{"footnotes":""},"categories":[4,49],"tags":[],"_links":{"self":[{"href":"http:\/\/ipv.salta.gov.ar\/index.php?rest_route=\/wp\/v2\/posts\/10018"}],"collection":[{"href":"http:\/\/ipv.salta.gov.ar\/index.php?rest_route=\/wp\/v2\/posts"}],"about":[{"href":"http:\/\/ipv.salta.gov.ar\/index.php?rest_route=\/wp\/v2\/types\/post"}],"author":[{"embeddable":true,"href":"http:\/\/ipv.salta.gov.ar\/index.php?rest_route=\/wp\/v2\/users\/4"}],"replies":[{"embeddable":true,"href":"http:\/\/ipv.salta.gov.ar\/index.php?rest_route=%2Fwp%2Fv2%2Fcomments&post=10018"}],"version-history":[{"count":1,"href":"http:\/\/ipv.salta.gov.ar\/index.php?rest_route=\/wp\/v2\/posts\/10018\/revisions"}],"predecessor-version":[{"id":10020,"href":"http:\/\/ipv.salta.gov.ar\/index.php?rest_route=\/wp\/v2\/posts\/10018\/revisions\/10020"}],"wp:featuredmedia":[{"embeddable":true,"href":"http:\/\/ipv.salta.gov.ar\/index.php?rest_route=\/wp\/v2\/media\/10019"}],"wp:attachment":[{"href":"http:\/\/ipv.salta.gov.ar\/index.php?rest_route=%2Fwp%2Fv2%2Fmedia&parent=10018"}],"wp:term":[{"taxonomy":"category","embeddable":true,"href":"http:\/\/ipv.salta.gov.ar\/index.php?rest_route=%2Fwp%2Fv2%2Fcategories&post=10018"},{"taxonomy":"post_tag","embeddable":true,"href":"http:\/\/ipv.salta.gov.ar\/index.php?rest_route=%2Fwp%2Fv2%2Ftags&post=10018"}],"curies":[{"name":"wp","href":"https:\/\/api.w.org\/{rel}","templated":true}]}}