{"id":10449,"date":"2020-12-02T09:23:55","date_gmt":"2020-12-02T12:23:55","guid":{"rendered":"http:\/\/ipv.salta.gov.ar\/?p=10449"},"modified":"2020-12-02T09:23:55","modified_gmt":"2020-12-02T12:23:55","slug":"salta-coordina-la-construccion-de-nuevas-viviendas-con-nacion","status":"publish","type":"post","link":"http:\/\/ipv.salta.gov.ar\/?p=10449","title":{"rendered":"Salta coordina la construcci\u00f3n de nuevas viviendas con Naci\u00f3n"},"content":{"rendered":"<figure class=\"wp-block-image size-large\"><img decoding=\"async\" loading=\"lazy\" width=\"600\" height=\"480\" src=\"http:\/\/ipv.salta.gov.ar\/wp-content\/uploads\/2020\/12\/nacion-600x480.jpg\" alt=\"\" class=\"wp-image-10450\" srcset=\"http:\/\/ipv.salta.gov.ar\/wp-content\/uploads\/2020\/12\/nacion-600x480.jpg 600w, http:\/\/ipv.salta.gov.ar\/wp-content\/uploads\/2020\/12\/nacion-300x240.jpg 300w, http:\/\/ipv.salta.gov.ar\/wp-content\/uploads\/2020\/12\/nacion.jpg 750w\" sizes=\"(max-width: 600px) 100vw, 600px\" \/><\/figure>\n<p> El titular del IPV fue recibido por el ministro Jorge Ferraresi para dialogar sobre la situaci\u00f3n habitacional de la provincia. <\/p>\n<p><!--more--><\/p>\n<p>El presidente del&nbsp;<strong>Instituto<\/strong>&nbsp;<strong>Provincial<\/strong>&nbsp;de&nbsp;<strong>Vivienda<\/strong>&nbsp;(<strong>IPV<\/strong>),&nbsp;<strong>Gustavo<\/strong>&nbsp;<strong>Carrizo<\/strong>, se reuni\u00f3 en la Ciudad Aut\u00f3noma de Buenos Aires con el ministro de&nbsp;<strong>Desarrollo<\/strong>&nbsp;<strong>Territorial<\/strong>&nbsp;y&nbsp;<strong>H\u00e1bitat<\/strong>&nbsp;<strong>Jorge<\/strong>&nbsp;<strong>Ferraresi<\/strong>, con el prop\u00f3sito de gestionar nuevas urbanizaciones de viviendas para la provincia, siguiendo los lineamientos marcados por el gobernador Gustavo S\u00e1enz de atender la demanda habitacional de las familias salte\u00f1as.<\/p>\n<p>A pocos d\u00edas de haber asumido, el nuevo funcionario nacional y Carrizo dialogaron sobre la situaci\u00f3n habitacional de Salta, oportunidad en la que se plantearon mecanismos de trabajos conjuntos para fortalecer la obra de vivienda y brindar soluciones espec\u00edficas a las necesidades del interior.&nbsp;<\/p>\n<p>En coincidencia, el Gobierno provincial y nacional trabajan por un pa\u00eds federal. Durante el a\u00f1o, desde la Provincia con el apoyo de las intendencias se gestionaron e iniciaron nuevas obras en localidades del interior apuntando a la demanda cualitativa mejorando significativamente las condiciones de vida a cientos de salte\u00f1os.&nbsp; &nbsp; &nbsp;<\/p>\n<p>Del encuentro tambi\u00e9n particip\u00f3 el presidente de la C\u00e1mara Salte\u00f1a de la Construcci\u00f3n, Juan Carlos Segura.&nbsp;<\/p>\n<p>La agenda de actividades de Carrizo continuar\u00e1 ma\u00f1ana con una nueva Asamblea Ordinaria del Consejo Nacional de la Vivienda, la primera presencial del a\u00f1o.<\/p>\n","protected":false},"excerpt":{"rendered":"<p>El titular del IPV fue recibido por el ministro Jorge Ferraresi para dialogar sobre la situaci\u00f3n habitacional de la provincia.<\/p>\n","protected":false},"author":4,"featured_media":10450,"comment_status":"closed","ping_status":"closed","sticky":false,"template":"","format":"standard","meta":{"footnotes":""},"categories":[4,49],"tags":[],"_links":{"self":[{"href":"http:\/\/ipv.salta.gov.ar\/index.php?rest_route=\/wp\/v2\/posts\/10449"}],"collection":[{"href":"http:\/\/ipv.salta.gov.ar\/index.php?rest_route=\/wp\/v2\/posts"}],"about":[{"href":"http:\/\/ipv.salta.gov.ar\/index.php?rest_route=\/wp\/v2\/types\/post"}],"author":[{"embeddable":true,"href":"http:\/\/ipv.salta.gov.ar\/index.php?rest_route=\/wp\/v2\/users\/4"}],"replies":[{"embeddable":true,"href":"http:\/\/ipv.salta.gov.ar\/index.php?rest_route=%2Fwp%2Fv2%2Fcomments&post=10449"}],"version-history":[{"count":1,"href":"http:\/\/ipv.salta.gov.ar\/index.php?rest_route=\/wp\/v2\/posts\/10449\/revisions"}],"predecessor-version":[{"id":10451,"href":"http:\/\/ipv.salta.gov.ar\/index.php?rest_route=\/wp\/v2\/posts\/10449\/revisions\/10451"}],"wp:featuredmedia":[{"embeddable":true,"href":"http:\/\/ipv.salta.gov.ar\/index.php?rest_route=\/wp\/v2\/media\/10450"}],"wp:attachment":[{"href":"http:\/\/ipv.salta.gov.ar\/index.php?rest_route=%2Fwp%2Fv2%2Fmedia&parent=10449"}],"wp:term":[{"taxonomy":"category","embeddable":true,"href":"http:\/\/ipv.salta.gov.ar\/index.php?rest_route=%2Fwp%2Fv2%2Fcategories&post=10449"},{"taxonomy":"post_tag","embeddable":true,"href":"http:\/\/ipv.salta.gov.ar\/index.php?rest_route=%2Fwp%2Fv2%2Ftags&post=10449"}],"curies":[{"name":"wp","href":"https:\/\/api.w.org\/{rel}","templated":true}]}}