{"id":11245,"date":"2021-09-27T12:15:21","date_gmt":"2021-09-27T15:15:21","guid":{"rendered":"http:\/\/ipv.salta.gov.ar\/?p=11245"},"modified":"2021-09-27T12:15:21","modified_gmt":"2021-09-27T15:15:21","slug":"el-ipv-construira-viviendas-y-un-centro-de-dia-para-adultos-mayores-en-tartagal","status":"publish","type":"post","link":"http:\/\/ipv.salta.gov.ar\/?p=11245","title":{"rendered":"El IPV construir\u00e1 viviendas y un centro de d\u00eda para adultos mayores en Tartagal"},"content":{"rendered":"<figure class=\"wp-block-image size-large\"><img decoding=\"async\" loading=\"lazy\" width=\"600\" height=\"400\" src=\"http:\/\/ipv.salta.gov.ar\/wp-content\/uploads\/2021\/09\/78258-el-ipv-construira-viviendas-y-un-centro-de-dia-para-adultos-mayores-en-tartagal-600x400.jpg\" alt=\"\" class=\"wp-image-11246\" srcset=\"http:\/\/ipv.salta.gov.ar\/wp-content\/uploads\/2021\/09\/78258-el-ipv-construira-viviendas-y-un-centro-de-dia-para-adultos-mayores-en-tartagal-600x400.jpg 600w, http:\/\/ipv.salta.gov.ar\/wp-content\/uploads\/2021\/09\/78258-el-ipv-construira-viviendas-y-un-centro-de-dia-para-adultos-mayores-en-tartagal-300x200.jpg 300w, http:\/\/ipv.salta.gov.ar\/wp-content\/uploads\/2021\/09\/78258-el-ipv-construira-viviendas-y-un-centro-de-dia-para-adultos-mayores-en-tartagal-768x513.jpg 768w, http:\/\/ipv.salta.gov.ar\/wp-content\/uploads\/2021\/09\/78258-el-ipv-construira-viviendas-y-un-centro-de-dia-para-adultos-mayores-en-tartagal.jpg 899w\" sizes=\"(max-width: 600px) 100vw, 600px\" \/><\/figure>\n<p>La obra destinada a mayores de 60 a\u00f1os se realizar\u00e1 a trav\u00e9s del programa nacional Casa Propia- Casa Activa. Un proyecto similar est\u00e1 planificado en Salta Capital.<\/p>\n<p><!--more--><\/p>\n<p>El Instituto Provincial de Vivienda (IPV) inicia el proceso de licitaci\u00f3n para la construcci\u00f3n de 32 viviendas con centro de d\u00eda, espacios comunes y pileta que se ubicar\u00e1 en el municipio de Tartagal mediante el plan nacional Casa Propia \u2013 Subprograma Casa Activa, perteneciente al ministerio de Desarrollo Territorial y H\u00e1bitat de Naci\u00f3n. Un proyecto similar est\u00e1 previsto desarrollar en Salta Capital.&nbsp;<\/p>\n<p>Con un presupuesto total de $251.270.445,24, el IPV prepara la licitaci\u00f3n para desarrollar la obra que contempla 32 viviendas, un centro de d\u00eda que brindar\u00e1 servicios de salud primaria y terap\u00e9utica, adem\u00e1s de pileta climatizada. All\u00ed vivir\u00e1n adultos mayores de 60 a\u00f1os que no tengan casa propia y las unidades se entregar\u00e1n en comodato.&nbsp;<\/p>\n<p>Desde el IPV se resalt\u00f3 que es la primera pol\u00edtica p\u00fablica integral de h\u00e1bitat con registro en Latinoam\u00e9rica destinada a personas mayores y Salta se suma a la iniciativa. Para el pr\u00f3ximo 5 de octubre est\u00e1 prevista la licitaci\u00f3n de la obra que se ejecutar\u00e1 en Capital y luego se har\u00e1 lo propio para Tartagal.<\/p>\n","protected":false},"excerpt":{"rendered":"<p>La obra destinada a mayores de 60 a\u00f1os se realizar\u00e1 a trav\u00e9s del programa nacional Casa Propia- Casa Activa. Un proyecto similar est\u00e1 planificado en Salta Capital.<\/p>\n","protected":false},"author":4,"featured_media":11246,"comment_status":"closed","ping_status":"closed","sticky":false,"template":"","format":"standard","meta":{"footnotes":""},"categories":[4,49],"tags":[],"_links":{"self":[{"href":"http:\/\/ipv.salta.gov.ar\/index.php?rest_route=\/wp\/v2\/posts\/11245"}],"collection":[{"href":"http:\/\/ipv.salta.gov.ar\/index.php?rest_route=\/wp\/v2\/posts"}],"about":[{"href":"http:\/\/ipv.salta.gov.ar\/index.php?rest_route=\/wp\/v2\/types\/post"}],"author":[{"embeddable":true,"href":"http:\/\/ipv.salta.gov.ar\/index.php?rest_route=\/wp\/v2\/users\/4"}],"replies":[{"embeddable":true,"href":"http:\/\/ipv.salta.gov.ar\/index.php?rest_route=%2Fwp%2Fv2%2Fcomments&post=11245"}],"version-history":[{"count":1,"href":"http:\/\/ipv.salta.gov.ar\/index.php?rest_route=\/wp\/v2\/posts\/11245\/revisions"}],"predecessor-version":[{"id":11247,"href":"http:\/\/ipv.salta.gov.ar\/index.php?rest_route=\/wp\/v2\/posts\/11245\/revisions\/11247"}],"wp:featuredmedia":[{"embeddable":true,"href":"http:\/\/ipv.salta.gov.ar\/index.php?rest_route=\/wp\/v2\/media\/11246"}],"wp:attachment":[{"href":"http:\/\/ipv.salta.gov.ar\/index.php?rest_route=%2Fwp%2Fv2%2Fmedia&parent=11245"}],"wp:term":[{"taxonomy":"category","embeddable":true,"href":"http:\/\/ipv.salta.gov.ar\/index.php?rest_route=%2Fwp%2Fv2%2Fcategories&post=11245"},{"taxonomy":"post_tag","embeddable":true,"href":"http:\/\/ipv.salta.gov.ar\/index.php?rest_route=%2Fwp%2Fv2%2Ftags&post=11245"}],"curies":[{"name":"wp","href":"https:\/\/api.w.org\/{rel}","templated":true}]}}