{"id":11266,"date":"2021-09-28T09:01:35","date_gmt":"2021-09-28T12:01:35","guid":{"rendered":"http:\/\/ipv.salta.gov.ar\/?p=11266"},"modified":"2021-09-28T09:01:35","modified_gmt":"2021-09-28T12:01:35","slug":"derechos-humanos-y-el-ipv-asesoran-sobre-el-programa-mi-pieza","status":"publish","type":"post","link":"http:\/\/ipv.salta.gov.ar\/?p=11266","title":{"rendered":"Derechos Humanos y el IPV asesoran sobre el programa \u201cMi pieza\u201d"},"content":{"rendered":"<figure class=\"wp-block-image size-large\"><img decoding=\"async\" loading=\"lazy\" width=\"600\" height=\"449\" src=\"http:\/\/ipv.salta.gov.ar\/wp-content\/uploads\/2021\/09\/78278-derechos-humanos-y-el-ipv-asesoran-sobre-el-programa-mi-pieza-600x449.jpeg\" alt=\"\" class=\"wp-image-11267\" srcset=\"http:\/\/ipv.salta.gov.ar\/wp-content\/uploads\/2021\/09\/78278-derechos-humanos-y-el-ipv-asesoran-sobre-el-programa-mi-pieza-600x449.jpeg 600w, http:\/\/ipv.salta.gov.ar\/wp-content\/uploads\/2021\/09\/78278-derechos-humanos-y-el-ipv-asesoran-sobre-el-programa-mi-pieza-300x225.jpeg 300w, http:\/\/ipv.salta.gov.ar\/wp-content\/uploads\/2021\/09\/78278-derechos-humanos-y-el-ipv-asesoran-sobre-el-programa-mi-pieza-768x575.jpeg 768w, http:\/\/ipv.salta.gov.ar\/wp-content\/uploads\/2021\/09\/78278-derechos-humanos-y-el-ipv-asesoran-sobre-el-programa-mi-pieza.jpeg 801w\" sizes=\"(max-width: 600px) 100vw, 600px\" \/><\/figure>\n<p>En territorio se brindar\u00e1 informaci\u00f3n y asesoramiento para concretar la inscripci\u00f3n de mujeres de barrios populares de Salta que quieran acceder al subsidio para ampliar su vivienda. Acompa\u00f1an esta acci\u00f3n distintos servicios del Gobierno de Salta. La primera jornada se llevar\u00e1 a cabo hoy de 10 a 14 en el barrio Virgen de Urkupi\u00f1a (Mza. E Lote 64)<\/p>\n<p><!--more--><\/p>\n<p>La&nbsp;<strong>Secretar\u00eda de Derechos Humanos<\/strong>, junto al<strong>&nbsp;Instituto Provincial de la Vivienda<\/strong>&nbsp;realizar\u00e1n diversos<strong>&nbsp;operativos&nbsp;<\/strong>en territorio de informaci\u00f3n y asesoramiento sobre el&nbsp;<strong>programa nacional \u201cMi Pieza\u201d<\/strong>. Se sumar\u00e1n tambi\u00e9n organismos de asistencia sanitaria y prevenci\u00f3n contra la violencia por motivos de g\u00e9nero.<\/p>\n<p>El programa \u201cMi Pieza\u201d tiene como prop\u00f3sito asistir con un subsidio a mujeres de barrios populares para la refacci\u00f3n o ampliaci\u00f3n de viviendas. La iniciativa es nacional y beneficiar\u00e1 directamente a casas relevadas por el Registro Nacional de Barrios Populares (ReNaBaP).<\/p>\n<p>El principal objetivo es asesorar en terreno y facilitar el acceso al programa por parte de mujeres mayores de 18 a\u00f1os. \u201cEs fundamental acercar este tipo de herramientas a la comunidad, en este sentido trabajamos articuladamente y sumamos servicios de diferentes \u00e1reas en materia de prevenci\u00f3n y asistencia ante situaciones de violencia por motivos de g\u00e9nero, seguridad y salud\u201d, destac\u00f3 la secretaria de Derechos Humanos, Mariana Reyes.<\/p>\n<p>El cronograma de actividades inicia hoy martes 28 de 10 a 14 horas en zona Sudeste, el primer encuentro ser\u00e1 en barrio Virgen de Urkupi\u00f1a (Mza. E Lote 64). Ma\u00f1ana mi\u00e9rcoles se realizar\u00e1 lo mismo en barrio Gauchito Gil y el jueves en barrio San Justo II.<\/p>\n<p>Se recorrer\u00e1n en total 8 barrios con distintos servicios complementarios. Entre ellos Polic\u00eda Comunitaria y stand de Salud perteneciente a servicios del Hospital Papa Francisco.<\/p>\n","protected":false},"excerpt":{"rendered":"<p>En territorio se brindar\u00e1 informaci\u00f3n y asesoramiento para concretar la inscripci\u00f3n de mujeres de barrios populares de Salta que quieran acceder al subsidio para ampliar su vivienda. Acompa\u00f1an esta acci\u00f3n distintos servicios del Gobierno de Salta. La primera jornada se llevar\u00e1 a cabo hoy de 10 a 14 en el barrio Virgen de Urkupi\u00f1a (Mza. [&hellip;]<\/p>\n","protected":false},"author":4,"featured_media":11267,"comment_status":"closed","ping_status":"closed","sticky":false,"template":"","format":"standard","meta":{"footnotes":""},"categories":[4,49],"tags":[],"_links":{"self":[{"href":"http:\/\/ipv.salta.gov.ar\/index.php?rest_route=\/wp\/v2\/posts\/11266"}],"collection":[{"href":"http:\/\/ipv.salta.gov.ar\/index.php?rest_route=\/wp\/v2\/posts"}],"about":[{"href":"http:\/\/ipv.salta.gov.ar\/index.php?rest_route=\/wp\/v2\/types\/post"}],"author":[{"embeddable":true,"href":"http:\/\/ipv.salta.gov.ar\/index.php?rest_route=\/wp\/v2\/users\/4"}],"replies":[{"embeddable":true,"href":"http:\/\/ipv.salta.gov.ar\/index.php?rest_route=%2Fwp%2Fv2%2Fcomments&post=11266"}],"version-history":[{"count":1,"href":"http:\/\/ipv.salta.gov.ar\/index.php?rest_route=\/wp\/v2\/posts\/11266\/revisions"}],"predecessor-version":[{"id":11268,"href":"http:\/\/ipv.salta.gov.ar\/index.php?rest_route=\/wp\/v2\/posts\/11266\/revisions\/11268"}],"wp:featuredmedia":[{"embeddable":true,"href":"http:\/\/ipv.salta.gov.ar\/index.php?rest_route=\/wp\/v2\/media\/11267"}],"wp:attachment":[{"href":"http:\/\/ipv.salta.gov.ar\/index.php?rest_route=%2Fwp%2Fv2%2Fmedia&parent=11266"}],"wp:term":[{"taxonomy":"category","embeddable":true,"href":"http:\/\/ipv.salta.gov.ar\/index.php?rest_route=%2Fwp%2Fv2%2Fcategories&post=11266"},{"taxonomy":"post_tag","embeddable":true,"href":"http:\/\/ipv.salta.gov.ar\/index.php?rest_route=%2Fwp%2Fv2%2Ftags&post=11266"}],"curies":[{"name":"wp","href":"https:\/\/api.w.org\/{rel}","templated":true}]}}