{"id":11312,"date":"2021-09-28T12:40:30","date_gmt":"2021-09-28T15:40:30","guid":{"rendered":"http:\/\/ipv.salta.gov.ar\/?p=11312"},"modified":"2021-09-28T12:40:30","modified_gmt":"2021-09-28T15:40:30","slug":"el-ipv-convoca-a-vecinos-de-oran-a-actualizar-fichas-y-completar-la-inscripcion","status":"publish","type":"post","link":"http:\/\/ipv.salta.gov.ar\/?p=11312","title":{"rendered":"El IPV convoca a vecinos de Or\u00e1n a actualizar fichas y completar la inscripci\u00f3n"},"content":{"rendered":"<figure class=\"wp-block-image size-large\"><img decoding=\"async\" loading=\"lazy\" width=\"560\" height=\"361\" src=\"http:\/\/ipv.salta.gov.ar\/wp-content\/uploads\/2021\/09\/10-08-17-ipv.jpg\" alt=\"\" class=\"wp-image-11313\" srcset=\"http:\/\/ipv.salta.gov.ar\/wp-content\/uploads\/2021\/09\/10-08-17-ipv.jpg 560w, http:\/\/ipv.salta.gov.ar\/wp-content\/uploads\/2021\/09\/10-08-17-ipv-300x193.jpg 300w\" sizes=\"(max-width: 560px) 100vw, 560px\" \/><\/figure>\n<p>El llamado est\u00e1 orientado a familias con ingresos econ\u00f3micos superiores a dos salarios m\u00ednimos. El tr\u00e1mite puede realizarse en la sede del organismo en esa localidad.<\/p>\n<p><!--more--><\/p>\n<p>Debido a la ejecuci\u00f3n de m\u00e1s de 100 viviendas &nbsp;en la localidad de San Ram\u00f3n de la Nueva Or\u00e1n, que ser\u00e1n adjudicadas por sorteo p\u00fablico, el Instituto Provincial de Vivienda (IPV) convoca a vecinos del municipio a actualizar su ficha social y completar la inscripci\u00f3n. Para esta operatoria, los postulantes deber\u00e1n contar como m\u00ednimo con dos salarios, m\u00ednimo, vital y m\u00f3vil (SMVM). &nbsp;&nbsp;<\/p>\n<p>El IPV tiene vigente distintos planes de viviendas y lotes para cubrir las diferentes necesidades de los postulantes. Las unidades habitacionales que se encuentran en plena ejecuci\u00f3n forman parte del programa nacional Reconstruir, perteneciente al Ministerio de Desarrollo Territorial y H\u00e1bitat de Naci\u00f3n, orientadas a grupos familiares que puedan afrontar el compromiso del pago de cuotas. &nbsp;&nbsp;<\/p>\n<p>Por ello, el organismo llam\u00f3 a los postulantes de Or\u00e1n que cumplan este requerimiento a actualizar su ficha social, como tambi\u00e9n a quienes llenaron el formulario web y est\u00e1n en condiciones de completar la inscripci\u00f3n. La atenci\u00f3n se efect\u00faa \u00fanicamente en la sede Or\u00e1n (Eguez 607 &#8211; 1\u00ba piso), con turno web que se debe reservar desde www.ipvsalta.gob.ar, de lunes a viernes, de 7 a 13. Por el momento el tr\u00e1mite no tiene fecha de cierre.&nbsp;<\/p>\n<p>Desde el IPV se dio a conocer adem\u00e1s que se trabaja en otros planes para familias que no puedan acceder a la presente operatoria y ser\u00e1n anunciados pr\u00f3ximamente.<\/p>\n","protected":false},"excerpt":{"rendered":"<p>El llamado est\u00e1 orientado a familias con ingresos econ\u00f3micos superiores a dos salarios m\u00ednimos. El tr\u00e1mite puede realizarse en la sede del organismo en esa localidad.<\/p>\n","protected":false},"author":4,"featured_media":11313,"comment_status":"closed","ping_status":"closed","sticky":false,"template":"","format":"standard","meta":{"footnotes":""},"categories":[4,49],"tags":[],"_links":{"self":[{"href":"http:\/\/ipv.salta.gov.ar\/index.php?rest_route=\/wp\/v2\/posts\/11312"}],"collection":[{"href":"http:\/\/ipv.salta.gov.ar\/index.php?rest_route=\/wp\/v2\/posts"}],"about":[{"href":"http:\/\/ipv.salta.gov.ar\/index.php?rest_route=\/wp\/v2\/types\/post"}],"author":[{"embeddable":true,"href":"http:\/\/ipv.salta.gov.ar\/index.php?rest_route=\/wp\/v2\/users\/4"}],"replies":[{"embeddable":true,"href":"http:\/\/ipv.salta.gov.ar\/index.php?rest_route=%2Fwp%2Fv2%2Fcomments&post=11312"}],"version-history":[{"count":1,"href":"http:\/\/ipv.salta.gov.ar\/index.php?rest_route=\/wp\/v2\/posts\/11312\/revisions"}],"predecessor-version":[{"id":11314,"href":"http:\/\/ipv.salta.gov.ar\/index.php?rest_route=\/wp\/v2\/posts\/11312\/revisions\/11314"}],"wp:featuredmedia":[{"embeddable":true,"href":"http:\/\/ipv.salta.gov.ar\/index.php?rest_route=\/wp\/v2\/media\/11313"}],"wp:attachment":[{"href":"http:\/\/ipv.salta.gov.ar\/index.php?rest_route=%2Fwp%2Fv2%2Fmedia&parent=11312"}],"wp:term":[{"taxonomy":"category","embeddable":true,"href":"http:\/\/ipv.salta.gov.ar\/index.php?rest_route=%2Fwp%2Fv2%2Fcategories&post=11312"},{"taxonomy":"post_tag","embeddable":true,"href":"http:\/\/ipv.salta.gov.ar\/index.php?rest_route=%2Fwp%2Fv2%2Ftags&post=11312"}],"curies":[{"name":"wp","href":"https:\/\/api.w.org\/{rel}","templated":true}]}}