{"id":11335,"date":"2021-09-29T08:42:38","date_gmt":"2021-09-29T11:42:38","guid":{"rendered":"http:\/\/ipv.salta.gov.ar\/?p=11335"},"modified":"2021-09-29T08:42:38","modified_gmt":"2021-09-29T11:42:38","slug":"el-ipv-se-instalara-esta-semana-en-coronel-moldes","status":"publish","type":"post","link":"http:\/\/ipv.salta.gov.ar\/?p=11335","title":{"rendered":"El IPV se instalar\u00e1 esta semana en Coronel Moldes"},"content":{"rendered":"<figure class=\"wp-block-image size-large\"><img decoding=\"async\" loading=\"lazy\" width=\"600\" height=\"400\" src=\"http:\/\/ipv.salta.gov.ar\/wp-content\/uploads\/2021\/09\/77846-con-la-campania-el-ipv-se-acerca-a-usted-se-facilitan-gestiones-a-adjudicatarios-del-interior-600x400.jpg\" alt=\"\" class=\"wp-image-11336\" srcset=\"http:\/\/ipv.salta.gov.ar\/wp-content\/uploads\/2021\/09\/77846-con-la-campania-el-ipv-se-acerca-a-usted-se-facilitan-gestiones-a-adjudicatarios-del-interior-600x400.jpg 600w, http:\/\/ipv.salta.gov.ar\/wp-content\/uploads\/2021\/09\/77846-con-la-campania-el-ipv-se-acerca-a-usted-se-facilitan-gestiones-a-adjudicatarios-del-interior-300x200.jpg 300w, http:\/\/ipv.salta.gov.ar\/wp-content\/uploads\/2021\/09\/77846-con-la-campania-el-ipv-se-acerca-a-usted-se-facilitan-gestiones-a-adjudicatarios-del-interior-768x513.jpg 768w, http:\/\/ipv.salta.gov.ar\/wp-content\/uploads\/2021\/09\/77846-con-la-campania-el-ipv-se-acerca-a-usted-se-facilitan-gestiones-a-adjudicatarios-del-interior.jpg 899w\" sizes=\"(max-width: 600px) 100vw, 600px\" \/><\/figure>\n<p>El programa \u201cEl IPV se acerca a usted\u201d asesorar\u00e1 este jueves y viernes a adjudicatarios sobre pagos, deudas y boletas.\u00a0<\/p>\n<p><!--more--><\/p>\n<p>A trav\u00e9s del programa \u201cEl IPV se acerca a usted\u201d, el Instituto Provincial de Viviendas atender\u00e1 este jueves y viernes en Coronel Moldes a beneficiarios del organismo sobre planes de pagos, deudas e impresi\u00f3n de boletas. &nbsp;<\/p>\n<p>Debido a la buena recepci\u00f3n que tiene el plan en el interior de la provincia, la atenci\u00f3n del personal de Cobranzas en Coronel Moldes ser\u00e1 el jueves 30, de 9 a 13 y de 15 a 18, y el viernes 1, de 9 a 13, en la Unidad de Empleo Municipal ubicada en calle San Mart\u00edn de esa localidad.<\/p>\n<p>El programa puesto en marcha por el IPV tiene el prop\u00f3sito de que las familias que est\u00e9n en mora se pongan al d\u00eda para evitar futuras revocaciones y posteriores desadjudicaciones de casas, por ello titulares y cotitulares podr\u00e1n consultar sobre el estado de sus cuentas.<\/p>\n","protected":false},"excerpt":{"rendered":"<p>El programa \u201cEl IPV se acerca a usted\u201d asesorar\u00e1 este jueves y viernes a adjudicatarios sobre pagos, deudas y boletas.\u00a0<\/p>\n","protected":false},"author":4,"featured_media":11336,"comment_status":"closed","ping_status":"closed","sticky":false,"template":"","format":"standard","meta":{"footnotes":""},"categories":[4,49],"tags":[],"_links":{"self":[{"href":"http:\/\/ipv.salta.gov.ar\/index.php?rest_route=\/wp\/v2\/posts\/11335"}],"collection":[{"href":"http:\/\/ipv.salta.gov.ar\/index.php?rest_route=\/wp\/v2\/posts"}],"about":[{"href":"http:\/\/ipv.salta.gov.ar\/index.php?rest_route=\/wp\/v2\/types\/post"}],"author":[{"embeddable":true,"href":"http:\/\/ipv.salta.gov.ar\/index.php?rest_route=\/wp\/v2\/users\/4"}],"replies":[{"embeddable":true,"href":"http:\/\/ipv.salta.gov.ar\/index.php?rest_route=%2Fwp%2Fv2%2Fcomments&post=11335"}],"version-history":[{"count":1,"href":"http:\/\/ipv.salta.gov.ar\/index.php?rest_route=\/wp\/v2\/posts\/11335\/revisions"}],"predecessor-version":[{"id":11337,"href":"http:\/\/ipv.salta.gov.ar\/index.php?rest_route=\/wp\/v2\/posts\/11335\/revisions\/11337"}],"wp:featuredmedia":[{"embeddable":true,"href":"http:\/\/ipv.salta.gov.ar\/index.php?rest_route=\/wp\/v2\/media\/11336"}],"wp:attachment":[{"href":"http:\/\/ipv.salta.gov.ar\/index.php?rest_route=%2Fwp%2Fv2%2Fmedia&parent=11335"}],"wp:term":[{"taxonomy":"category","embeddable":true,"href":"http:\/\/ipv.salta.gov.ar\/index.php?rest_route=%2Fwp%2Fv2%2Fcategories&post=11335"},{"taxonomy":"post_tag","embeddable":true,"href":"http:\/\/ipv.salta.gov.ar\/index.php?rest_route=%2Fwp%2Fv2%2Ftags&post=11335"}],"curies":[{"name":"wp","href":"https:\/\/api.w.org\/{rel}","templated":true}]}}