{"id":11409,"date":"2021-10-13T08:41:59","date_gmt":"2021-10-13T11:41:59","guid":{"rendered":"http:\/\/ipv.salta.gov.ar\/?p=11409"},"modified":"2021-10-13T08:41:59","modified_gmt":"2021-10-13T11:41:59","slug":"la-provincia-entrego-viviendas-y-escrituras-en-metan","status":"publish","type":"post","link":"http:\/\/ipv.salta.gov.ar\/?p=11409","title":{"rendered":"La Provincia entreg\u00f3 viviendas y escrituras en Met\u00e1n"},"content":{"rendered":"<figure class=\"wp-block-image size-large\"><img decoding=\"async\" loading=\"lazy\" width=\"600\" height=\"400\" src=\"http:\/\/ipv.salta.gov.ar\/wp-content\/uploads\/2021\/10\/1368-entrega-600x400.jpeg\" alt=\"\" class=\"wp-image-11410\" srcset=\"http:\/\/ipv.salta.gov.ar\/wp-content\/uploads\/2021\/10\/1368-entrega-600x400.jpeg 600w, http:\/\/ipv.salta.gov.ar\/wp-content\/uploads\/2021\/10\/1368-entrega-300x200.jpeg 300w, http:\/\/ipv.salta.gov.ar\/wp-content\/uploads\/2021\/10\/1368-entrega-768x512.jpeg 768w, http:\/\/ipv.salta.gov.ar\/wp-content\/uploads\/2021\/10\/1368-entrega.jpeg 900w\" sizes=\"(max-width: 600px) 100vw, 600px\" \/><\/figure>\n<p>El Vicegobernador realiz\u00f3 una nueva entrega de viviendas, en esta oportunidad se trata de seis casas que pertenecen al IPV, al igual que las 50 escrituras de barrios antiguos de la localidad<\/p>\n<p><!--more--><\/p>\n<p>El vicegobernador Antonio Marocco encabez\u00f3 en San Jos\u00e9 de Met\u00e1n el acto de entrega de llaves, carpetas y escrituras a nuevos propietarios. Lo acompa\u00f1aron el intendente Jos\u00e9 Mar\u00eda Issa, el presidente del IPV Gustavo Carrizo y el senador provincial Daniel D&#8217;Auria.<\/p>\n<figure class=\"wp-block-image size-large\"><img decoding=\"async\" loading=\"lazy\" width=\"600\" height=\"400\" src=\"http:\/\/ipv.salta.gov.ar\/wp-content\/uploads\/2021\/10\/78518-la-provincia-entrego-viviendas-y-escrituras-en-metan-600x400.jpeg\" alt=\"\" class=\"wp-image-11411\" srcset=\"http:\/\/ipv.salta.gov.ar\/wp-content\/uploads\/2021\/10\/78518-la-provincia-entrego-viviendas-y-escrituras-en-metan-600x400.jpeg 600w, http:\/\/ipv.salta.gov.ar\/wp-content\/uploads\/2021\/10\/78518-la-provincia-entrego-viviendas-y-escrituras-en-metan-300x200.jpeg 300w, http:\/\/ipv.salta.gov.ar\/wp-content\/uploads\/2021\/10\/78518-la-provincia-entrego-viviendas-y-escrituras-en-metan-768x512.jpeg 768w, http:\/\/ipv.salta.gov.ar\/wp-content\/uploads\/2021\/10\/78518-la-provincia-entrego-viviendas-y-escrituras-en-metan.jpeg 900w\" sizes=\"(max-width: 600px) 100vw, 600px\" \/><\/figure>\n<p>\u00abDesde que asumimos el gobierno, con el gobernador Gustavo S\u00e1enz impulsamos una articulaci\u00f3n de pol\u00edticas con el Gobierno nacional y todos los municipios de la provincia buscando soluciones para los salte\u00f1os\u00bb, manifest\u00f3 el vicegobernador Marocco durante el acto.<\/p>\n<p>Durante la ceremonia, seis familias metanenses recibieron las llaves y carpetas de sus nuevas viviendas correspondientes al programa provincial Mi Casa. Las unidades que fueron ejecutadas por convenio con el municipio tienen dos dormitorios, ba\u00f1o completo, cocina -comedor y lavadero.<\/p>\n<p>Tambi\u00e9n se entregaron las escrituras de cincuenta casas de los barrios 144 y 44 viviendas. Adem\u00e1s, por medio de la entrega de carpetas t\u00e9cnicas se regulariz\u00f3 la situaci\u00f3n de treinta y una familias abor\u00edgenes que se encuentran habitando las viviendas.<\/p>\n<figure class=\"wp-block-image size-large\"><img decoding=\"async\" loading=\"lazy\" width=\"600\" height=\"400\" src=\"http:\/\/ipv.salta.gov.ar\/wp-content\/uploads\/2021\/10\/1369-obras-600x400.jpeg\" alt=\"\" class=\"wp-image-11412\" srcset=\"http:\/\/ipv.salta.gov.ar\/wp-content\/uploads\/2021\/10\/1369-obras-600x400.jpeg 600w, http:\/\/ipv.salta.gov.ar\/wp-content\/uploads\/2021\/10\/1369-obras-300x200.jpeg 300w, http:\/\/ipv.salta.gov.ar\/wp-content\/uploads\/2021\/10\/1369-obras-768x512.jpeg 768w, http:\/\/ipv.salta.gov.ar\/wp-content\/uploads\/2021\/10\/1369-obras.jpeg 900w\" sizes=\"(max-width: 600px) 100vw, 600px\" \/><\/figure>\n<p>Continuando con su alocuci\u00f3n, Marocco sostuvo que el Gobierno tiene una impronta federal para dar respuesta a los salte\u00f1os de cada departamento, municipio y localidad de la provincia. \u00abHoy es un d\u00eda de felicidad y esperanza. Queremos una Salta con menos desigualdades, m\u00e1s oportunidades y siempre en libertad\u00bb, concluy\u00f3.<\/p>\n<p>Por su parte el titular del IPV, hizo hincapi\u00e9 en la celeridad de las obras, para que los vecinos reciban sus viviendas y escrituras en los plazos estipulados en los convenios, adem\u00e1s de resaltar el trabajo conjunto con el municipio. A la vez, Carrizo ratific\u00f3 el inicio de 157 viviendas en la localidad de Met\u00e1n destinadas a la Asociaci\u00f3n de Mujeres por el Trabajo y Viviendas Dignas. La obra es financiada por el ministerio de Desarrollo Territorial y H\u00e1bitat de Naci\u00f3n y tiene un plazo de ejecuci\u00f3n de 16 meses.<\/p>\n","protected":false},"excerpt":{"rendered":"<p>El Vicegobernador realiz\u00f3 una nueva entrega de viviendas, en esta oportunidad se trata de seis casas que pertenecen al IPV, al igual que las 50 escrituras de barrios antiguos de la localidad<\/p>\n","protected":false},"author":4,"featured_media":11410,"comment_status":"closed","ping_status":"closed","sticky":false,"template":"","format":"standard","meta":{"footnotes":""},"categories":[4,49],"tags":[],"_links":{"self":[{"href":"http:\/\/ipv.salta.gov.ar\/index.php?rest_route=\/wp\/v2\/posts\/11409"}],"collection":[{"href":"http:\/\/ipv.salta.gov.ar\/index.php?rest_route=\/wp\/v2\/posts"}],"about":[{"href":"http:\/\/ipv.salta.gov.ar\/index.php?rest_route=\/wp\/v2\/types\/post"}],"author":[{"embeddable":true,"href":"http:\/\/ipv.salta.gov.ar\/index.php?rest_route=\/wp\/v2\/users\/4"}],"replies":[{"embeddable":true,"href":"http:\/\/ipv.salta.gov.ar\/index.php?rest_route=%2Fwp%2Fv2%2Fcomments&post=11409"}],"version-history":[{"count":1,"href":"http:\/\/ipv.salta.gov.ar\/index.php?rest_route=\/wp\/v2\/posts\/11409\/revisions"}],"predecessor-version":[{"id":11413,"href":"http:\/\/ipv.salta.gov.ar\/index.php?rest_route=\/wp\/v2\/posts\/11409\/revisions\/11413"}],"wp:featuredmedia":[{"embeddable":true,"href":"http:\/\/ipv.salta.gov.ar\/index.php?rest_route=\/wp\/v2\/media\/11410"}],"wp:attachment":[{"href":"http:\/\/ipv.salta.gov.ar\/index.php?rest_route=%2Fwp%2Fv2%2Fmedia&parent=11409"}],"wp:term":[{"taxonomy":"category","embeddable":true,"href":"http:\/\/ipv.salta.gov.ar\/index.php?rest_route=%2Fwp%2Fv2%2Fcategories&post=11409"},{"taxonomy":"post_tag","embeddable":true,"href":"http:\/\/ipv.salta.gov.ar\/index.php?rest_route=%2Fwp%2Fv2%2Ftags&post=11409"}],"curies":[{"name":"wp","href":"https:\/\/api.w.org\/{rel}","templated":true}]}}