{"id":11685,"date":"2021-12-30T10:43:47","date_gmt":"2021-12-30T13:43:47","guid":{"rendered":"http:\/\/ipv.salta.gov.ar\/?p=11685"},"modified":"2021-12-30T10:43:47","modified_gmt":"2021-12-30T13:43:47","slug":"en-metan-el-ipv-construye-y-entrega-viviendas","status":"publish","type":"post","link":"http:\/\/ipv.salta.gov.ar\/?p=11685","title":{"rendered":"En Met\u00e1n el IPV construye y entrega viviendas"},"content":{"rendered":"<figure class=\"wp-block-image size-large\"><img decoding=\"async\" loading=\"lazy\" width=\"600\" height=\"400\" src=\"http:\/\/ipv.salta.gov.ar\/wp-content\/uploads\/2021\/12\/79946-en-metan-el-ipv-construye-y-entrega-viviendas-20211229215051-600x400.jpg\" alt=\"\" class=\"wp-image-11686\" srcset=\"http:\/\/ipv.salta.gov.ar\/wp-content\/uploads\/2021\/12\/79946-en-metan-el-ipv-construye-y-entrega-viviendas-20211229215051-600x400.jpg 600w, http:\/\/ipv.salta.gov.ar\/wp-content\/uploads\/2021\/12\/79946-en-metan-el-ipv-construye-y-entrega-viviendas-20211229215051-300x200.jpg 300w, http:\/\/ipv.salta.gov.ar\/wp-content\/uploads\/2021\/12\/79946-en-metan-el-ipv-construye-y-entrega-viviendas-20211229215051-768x512.jpg 768w, http:\/\/ipv.salta.gov.ar\/wp-content\/uploads\/2021\/12\/79946-en-metan-el-ipv-construye-y-entrega-viviendas-20211229215051.jpg 900w\" sizes=\"(max-width: 600px) 100vw, 600px\" \/><\/figure>\n<p>Las casas se ejecutan con fondos nacionales para la Asociaci\u00f3n de Mujeres por Trabajo y Viviendas Dignas y para asistir a familias en situaciones cr\u00edticas. Hoy se entreg\u00f3 una.<\/p>\n<p><!--more--><\/p>\n<h2 class=\"wp-block-heading\">Bienvenidos al micrositio de la Secretar\u00eda de Prensa y Comunicaci\u00f3n<\/h2>\n<hr class=\"wp-block-separator\"\/>\n<p>Noticias, Partes de Prensa, Discursos, Agenda, Fotos y Videos del Gobierno de la Provincia de Salta.\u00bfQu\u00e9 busc\u00e1s?<\/p>\n<figure class=\"wp-block-image\"><img decoding=\"async\" src=\"https:\/\/www.salta.gob.ar\/public\/images\/iconos\/ico-lupa-24.png\" alt=\"Buscar\"\/><\/figure>\n<p>Buscar<\/p>\n<h1 class=\"wp-block-heading\"><a href=\"https:\/\/www.salta.gob.ar\/prensa\/noticias\/en-metan-el-ipv-construye-y-entrega-viviendas-79946\">En Met\u00e1n el IPV construye y entrega viviendas<\/a><\/h1>\n<p><strong><a href=\"https:\/\/www.salta.gob.ar\/prensa\/noticias\/organismos\/ministerio-de-infraestructura-35\">Ministerio de Infraestructura<\/a><\/strong><strong><a href=\"https:\/\/www.salta.gob.ar\/prensa\/noticias\/seccion-noticias-de-salta-1\">Noticias de Salta<\/a><\/strong><strong><a href=\"https:\/\/www.salta.gob.ar\/prensa\/noticias\/tema-ipv-174\">IPV<\/a><\/strong><strong>29\/12\/2021 18:41<\/strong><\/p>\n<p>Las casas se ejecutan con fondos nacionales para la Asociaci\u00f3n de Mujeres por Trabajo y Viviendas Dignas y para asistir a familias en situaciones cr\u00edticas. Hoy se entreg\u00f3 una.<a href=\"https:\/\/www.salta.gob.ar\/public\/images\/noticias\/79946-en-metan-el-ipv-construye-y-entrega-viviendas-20211229215051.JPG\"><\/a><\/p>\n<p>En Met\u00e1n el IPV construye y entrega viviendas<\/p>\n<p>El&nbsp;<strong>Instituto Provincial de Vivienda<\/strong>&nbsp;(IPV) construye en la localidad de Met\u00e1n 157 viviendas para la Asociaci\u00f3n de Mujeres por el Trabajo y Viviendas Dignas, con financiamiento del Ministerio de Desarrollo Territorial, siendo el presupuesto de $743.308.138,39.&nbsp;<\/p>\n<p>Para constatar los avances de la obra, el titular del organismo&nbsp;<strong>Gustavo Carrizo<\/strong>&nbsp;visit\u00f3 el futuro barrio donde ya se realiz\u00f3 la nivelaci\u00f3n, replanteo, bases y se levantan las paredes de las casas. El terreno donde se edifica fue donado con cargo por la instituci\u00f3n al IPV.&nbsp;<\/p>\n<p>El proyecto forma parte del Plan Nacional Reconstruir al igual que las casas que se ejecutan en Capital, Cerrillos y Or\u00e1n.&nbsp;<\/p>\n<p><strong><em>Para familias con casos especiales<\/em><\/strong><\/p>\n<p>Con fondos provenientes del recupero de las cuotas del IPV, en el municipio se ejecutan adem\u00e1s 20 casas bajo el programa Asistencia de Situaciones Cr\u00edticas. Las mismas tienen distintos avances de obra y est\u00e1n distribuidas en diferentes barrios del municipio.&nbsp;<\/p>\n<p>En la oportunidad, Carrizo hizo entrega de las llaves y carpeta t\u00e9cnica de una de ellas destinada a una familia con caso especial.<\/p>\n","protected":false},"excerpt":{"rendered":"<p>Las casas se ejecutan con fondos nacionales para la Asociaci\u00f3n de Mujeres por Trabajo y Viviendas Dignas y para asistir a familias en situaciones cr\u00edticas. Hoy se entreg\u00f3 una.<\/p>\n","protected":false},"author":4,"featured_media":11686,"comment_status":"closed","ping_status":"closed","sticky":false,"template":"","format":"standard","meta":{"footnotes":""},"categories":[4,49],"tags":[],"_links":{"self":[{"href":"http:\/\/ipv.salta.gov.ar\/index.php?rest_route=\/wp\/v2\/posts\/11685"}],"collection":[{"href":"http:\/\/ipv.salta.gov.ar\/index.php?rest_route=\/wp\/v2\/posts"}],"about":[{"href":"http:\/\/ipv.salta.gov.ar\/index.php?rest_route=\/wp\/v2\/types\/post"}],"author":[{"embeddable":true,"href":"http:\/\/ipv.salta.gov.ar\/index.php?rest_route=\/wp\/v2\/users\/4"}],"replies":[{"embeddable":true,"href":"http:\/\/ipv.salta.gov.ar\/index.php?rest_route=%2Fwp%2Fv2%2Fcomments&post=11685"}],"version-history":[{"count":1,"href":"http:\/\/ipv.salta.gov.ar\/index.php?rest_route=\/wp\/v2\/posts\/11685\/revisions"}],"predecessor-version":[{"id":11687,"href":"http:\/\/ipv.salta.gov.ar\/index.php?rest_route=\/wp\/v2\/posts\/11685\/revisions\/11687"}],"wp:featuredmedia":[{"embeddable":true,"href":"http:\/\/ipv.salta.gov.ar\/index.php?rest_route=\/wp\/v2\/media\/11686"}],"wp:attachment":[{"href":"http:\/\/ipv.salta.gov.ar\/index.php?rest_route=%2Fwp%2Fv2%2Fmedia&parent=11685"}],"wp:term":[{"taxonomy":"category","embeddable":true,"href":"http:\/\/ipv.salta.gov.ar\/index.php?rest_route=%2Fwp%2Fv2%2Fcategories&post=11685"},{"taxonomy":"post_tag","embeddable":true,"href":"http:\/\/ipv.salta.gov.ar\/index.php?rest_route=%2Fwp%2Fv2%2Ftags&post=11685"}],"curies":[{"name":"wp","href":"https:\/\/api.w.org\/{rel}","templated":true}]}}