{"id":11964,"date":"2022-03-18T12:46:06","date_gmt":"2022-03-18T15:46:06","guid":{"rendered":"http:\/\/ipv.salta.gov.ar\/?p=11964"},"modified":"2022-03-18T12:46:06","modified_gmt":"2022-03-18T15:46:06","slug":"el-ipv-salta-participa-en-la-primera-asamblea-del-consejo-nacional-de-la-vivienda-del-ano","status":"publish","type":"post","link":"http:\/\/ipv.salta.gov.ar\/?p=11964","title":{"rendered":"El IPV Salta participa en la primera Asamblea del Consejo Nacional de la Vivienda del a\u00f1o"},"content":{"rendered":"<figure class=\"wp-block-image size-large\"><img decoding=\"async\" loading=\"lazy\" width=\"600\" height=\"337\" src=\"http:\/\/ipv.salta.gov.ar\/wp-content\/uploads\/2022\/03\/81245-el-ipv-salta-participa-en-la-primera-asamblea-del-consejo-nacional-de-la-vivienda-del-anio-600x337.jpg\" alt=\"\" class=\"wp-image-11965\" srcset=\"http:\/\/ipv.salta.gov.ar\/wp-content\/uploads\/2022\/03\/81245-el-ipv-salta-participa-en-la-primera-asamblea-del-consejo-nacional-de-la-vivienda-del-anio-600x337.jpg 600w, http:\/\/ipv.salta.gov.ar\/wp-content\/uploads\/2022\/03\/81245-el-ipv-salta-participa-en-la-primera-asamblea-del-consejo-nacional-de-la-vivienda-del-anio-300x169.jpg 300w, http:\/\/ipv.salta.gov.ar\/wp-content\/uploads\/2022\/03\/81245-el-ipv-salta-participa-en-la-primera-asamblea-del-consejo-nacional-de-la-vivienda-del-anio-768x432.jpg 768w, http:\/\/ipv.salta.gov.ar\/wp-content\/uploads\/2022\/03\/81245-el-ipv-salta-participa-en-la-primera-asamblea-del-consejo-nacional-de-la-vivienda-del-anio-642x362.jpg 642w, http:\/\/ipv.salta.gov.ar\/wp-content\/uploads\/2022\/03\/81245-el-ipv-salta-participa-en-la-primera-asamblea-del-consejo-nacional-de-la-vivienda-del-anio-128x72.jpg 128w, http:\/\/ipv.salta.gov.ar\/wp-content\/uploads\/2022\/03\/81245-el-ipv-salta-participa-en-la-primera-asamblea-del-consejo-nacional-de-la-vivienda-del-anio.jpg 1067w\" sizes=\"(max-width: 600px) 100vw, 600px\" \/><\/figure>\n<p>En la reuni\u00f3n de las autoridades de los IPV de todo el pa\u00eds, se indic\u00f3 que en la provincia iniciaron las obras para levantar 2.100 casas y que pr\u00f3ximamente comenzar\u00e1 la construcci\u00f3n de viviendas bioclim\u00e1ticas.<\/p>\n<p><!--more--><\/p>\n<p>El presidente del Instituto Provincial de Vivienda (IPV),&nbsp;<strong>Gustavo Carrizo<\/strong>, participa en la 94\u00aa Asamblea Ordinaria del Consejo Nacional de la Vivienda (CNV) en Comodoro Rivadavia, provincia de Chubut. El encuentro re\u00fane a funcionarios nacionales y provinciales de los Institutos de Vivienda de todo el pa\u00eds y autoridades del Ministerio de Desarrollo Territorial y H\u00e1bitat de Naci\u00f3n.&nbsp;<\/p>\n<p>Primeramente, en el encuentro se design\u00f3 presidente y secretario de actas del Consejo Nacional de la Vivienda. Las exposiciones estuvieron a cargo del IPV anfitri\u00f3n, del director del Comit\u00e9 Ejecutivo de la Lucha contra la Trata y Explotaci\u00f3n de Personas y Asistencias a las V\u00edctimas, Gustavo Vera; y una videoconferencia con la participaci\u00f3n de la ministra de Salud de la Naci\u00f3n, Carla Vizzotti, sobre el cumplimiento de la Ley de Salud Mental.&nbsp;<\/p>\n<p>Durante el intercambio de experiencias entre los organismos encargados de construir casas, Carrizo expuso que en la provincia ya se trabaja en m\u00e1s de 2.100 unidades en distintos puntos de Salta, de los planes Casa Propia, Casa Activa, Habitar Comunidad y Reconstruir. Adem\u00e1s, coment\u00f3 sobre el pr\u00f3ximo inicio de las viviendas bioclim\u00e1ticas del proyecto GEF, que tienen por finalidad el ahorro de energ\u00eda.&nbsp;<\/p>\n<p>A la vez, el titular del IPV mencion\u00f3 que los proyectos que se encaran en la capital salte\u00f1a son en altura para un mejor aprovechamiento del suelo y destac\u00f3 que luego de la entrega de 295 viviendas en Pereyra Rozas ya se trabaja, en el mismo barrio en m\u00e1s de mil departamentos.<\/p>\n","protected":false},"excerpt":{"rendered":"<p>En la reuni\u00f3n de las autoridades de los IPV de todo el pa\u00eds, se indic\u00f3 que en la provincia iniciaron las obras para levantar 2.100 casas y que pr\u00f3ximamente comenzar\u00e1 la construcci\u00f3n de viviendas bioclim\u00e1ticas.<\/p>\n","protected":false},"author":4,"featured_media":11965,"comment_status":"closed","ping_status":"closed","sticky":false,"template":"","format":"standard","meta":{"footnotes":""},"categories":[4,49],"tags":[],"_links":{"self":[{"href":"http:\/\/ipv.salta.gov.ar\/index.php?rest_route=\/wp\/v2\/posts\/11964"}],"collection":[{"href":"http:\/\/ipv.salta.gov.ar\/index.php?rest_route=\/wp\/v2\/posts"}],"about":[{"href":"http:\/\/ipv.salta.gov.ar\/index.php?rest_route=\/wp\/v2\/types\/post"}],"author":[{"embeddable":true,"href":"http:\/\/ipv.salta.gov.ar\/index.php?rest_route=\/wp\/v2\/users\/4"}],"replies":[{"embeddable":true,"href":"http:\/\/ipv.salta.gov.ar\/index.php?rest_route=%2Fwp%2Fv2%2Fcomments&post=11964"}],"version-history":[{"count":1,"href":"http:\/\/ipv.salta.gov.ar\/index.php?rest_route=\/wp\/v2\/posts\/11964\/revisions"}],"predecessor-version":[{"id":11966,"href":"http:\/\/ipv.salta.gov.ar\/index.php?rest_route=\/wp\/v2\/posts\/11964\/revisions\/11966"}],"wp:featuredmedia":[{"embeddable":true,"href":"http:\/\/ipv.salta.gov.ar\/index.php?rest_route=\/wp\/v2\/media\/11965"}],"wp:attachment":[{"href":"http:\/\/ipv.salta.gov.ar\/index.php?rest_route=%2Fwp%2Fv2%2Fmedia&parent=11964"}],"wp:term":[{"taxonomy":"category","embeddable":true,"href":"http:\/\/ipv.salta.gov.ar\/index.php?rest_route=%2Fwp%2Fv2%2Fcategories&post=11964"},{"taxonomy":"post_tag","embeddable":true,"href":"http:\/\/ipv.salta.gov.ar\/index.php?rest_route=%2Fwp%2Fv2%2Ftags&post=11964"}],"curies":[{"name":"wp","href":"https:\/\/api.w.org\/{rel}","templated":true}]}}