{"id":12707,"date":"2022-11-01T12:50:00","date_gmt":"2022-11-01T15:50:00","guid":{"rendered":"http:\/\/ipv.salta.gov.ar\/?p=12707"},"modified":"2022-11-01T12:48:57","modified_gmt":"2022-11-01T15:48:57","slug":"el-ipv-realizo-una-nueva-licitacion-para-san-antonio-de-los-cobres","status":"publish","type":"post","link":"http:\/\/ipv.salta.gov.ar\/?p=12707","title":{"rendered":"El IPV realiz\u00f3 una nueva licitaci\u00f3n para San Antonio de los Cobres"},"content":{"rendered":"<figure class=\"wp-block-image size-large\"><img decoding=\"async\" loading=\"lazy\" width=\"600\" height=\"450\" src=\"http:\/\/ipv.salta.gov.ar\/wp-content\/uploads\/2022\/11\/85855-el-ipv-realizo-una-nueva-licitacion-para-san-antonio-de-los-cobres-600x450.jpeg\" alt=\"\" class=\"wp-image-12708\" srcset=\"http:\/\/ipv.salta.gov.ar\/wp-content\/uploads\/2022\/11\/85855-el-ipv-realizo-una-nueva-licitacion-para-san-antonio-de-los-cobres-600x450.jpeg 600w, http:\/\/ipv.salta.gov.ar\/wp-content\/uploads\/2022\/11\/85855-el-ipv-realizo-una-nueva-licitacion-para-san-antonio-de-los-cobres-300x225.jpeg 300w, http:\/\/ipv.salta.gov.ar\/wp-content\/uploads\/2022\/11\/85855-el-ipv-realizo-una-nueva-licitacion-para-san-antonio-de-los-cobres-768x576.jpeg 768w, http:\/\/ipv.salta.gov.ar\/wp-content\/uploads\/2022\/11\/85855-el-ipv-realizo-una-nueva-licitacion-para-san-antonio-de-los-cobres.jpeg 800w\" sizes=\"(max-width: 600px) 100vw, 600px\" \/><figcaption>Debido al incumplimiento de los requisitos en el primer llamado a licitaci\u00f3n, el organismo abri\u00f3 hoy los sobres de una nueva oferta para la construcci\u00f3n de 23 viviendas.<\/figcaption><\/figure>\n<p><!--more--><\/p>\n<p>Dando cumplimiento a los procedimientos administrativos, el Instituto Provincial de Vivienda (IPV) llev\u00f3 adelante la segunda apertura de sobres para la ejecuci\u00f3n de 23 casas en la localidad de San Antonio de los Cobres del departamento de Los Andes.&nbsp;<\/p>\n<p>El acto fue certificado por la escribana p\u00fablica Mariana P\u00e9rez y personal del IPV. En el mismo se dio a conocer a los oferentes y sus propuestas para la construcci\u00f3n de las unidades habitacionales que ser\u00e1n financiadas por el Ministerio de Desarrollo Territorial y H\u00e1bitat de Naci\u00f3n. &nbsp;<\/p>\n<p>El nuevo barrio que se edificar\u00e1 en la localidad de San Antonio de los Cobres contar\u00e1 con 23 viviendas del programa nacional Casa Propia \u2013 Construir Futuro. Las unidades tendr\u00e1n 62m2, con dos dormitorios, ba\u00f1o, cocina \u2013 comedor y lavadero y termotanques solares.&nbsp;<\/p>\n","protected":false},"excerpt":{"rendered":"","protected":false},"author":4,"featured_media":12708,"comment_status":"closed","ping_status":"closed","sticky":false,"template":"","format":"standard","meta":{"footnotes":""},"categories":[4,49],"tags":[],"_links":{"self":[{"href":"http:\/\/ipv.salta.gov.ar\/index.php?rest_route=\/wp\/v2\/posts\/12707"}],"collection":[{"href":"http:\/\/ipv.salta.gov.ar\/index.php?rest_route=\/wp\/v2\/posts"}],"about":[{"href":"http:\/\/ipv.salta.gov.ar\/index.php?rest_route=\/wp\/v2\/types\/post"}],"author":[{"embeddable":true,"href":"http:\/\/ipv.salta.gov.ar\/index.php?rest_route=\/wp\/v2\/users\/4"}],"replies":[{"embeddable":true,"href":"http:\/\/ipv.salta.gov.ar\/index.php?rest_route=%2Fwp%2Fv2%2Fcomments&post=12707"}],"version-history":[{"count":1,"href":"http:\/\/ipv.salta.gov.ar\/index.php?rest_route=\/wp\/v2\/posts\/12707\/revisions"}],"predecessor-version":[{"id":12709,"href":"http:\/\/ipv.salta.gov.ar\/index.php?rest_route=\/wp\/v2\/posts\/12707\/revisions\/12709"}],"wp:featuredmedia":[{"embeddable":true,"href":"http:\/\/ipv.salta.gov.ar\/index.php?rest_route=\/wp\/v2\/media\/12708"}],"wp:attachment":[{"href":"http:\/\/ipv.salta.gov.ar\/index.php?rest_route=%2Fwp%2Fv2%2Fmedia&parent=12707"}],"wp:term":[{"taxonomy":"category","embeddable":true,"href":"http:\/\/ipv.salta.gov.ar\/index.php?rest_route=%2Fwp%2Fv2%2Fcategories&post=12707"},{"taxonomy":"post_tag","embeddable":true,"href":"http:\/\/ipv.salta.gov.ar\/index.php?rest_route=%2Fwp%2Fv2%2Ftags&post=12707"}],"curies":[{"name":"wp","href":"https:\/\/api.w.org\/{rel}","templated":true}]}}