{"id":12899,"date":"2022-11-28T09:15:08","date_gmt":"2022-11-28T12:15:08","guid":{"rendered":"http:\/\/ipv.salta.gov.ar\/?p=12899"},"modified":"2022-11-28T09:15:08","modified_gmt":"2022-11-28T12:15:08","slug":"en-un-operativo-conjunto-entre-provincia-y-ejercito-inicia-hoy-la-distribucion-de-agua-segura-en-tartagal","status":"publish","type":"post","link":"http:\/\/ipv.salta.gov.ar\/?p=12899","title":{"rendered":"En un operativo conjunto entre Provincia y Ej\u00e9rcito inicia hoy la distribuci\u00f3n de agua segura en Tartagal"},"content":{"rendered":"<figure class=\"wp-block-image size-large\"><img decoding=\"async\" loading=\"lazy\" width=\"600\" height=\"400\" src=\"http:\/\/ipv.salta.gov.ar\/wp-content\/uploads\/2022\/11\/86451-en-un-operativo-conjunto-entre-provincia-y-ejercito-inicia-maniana-la-distribucion-de-agua-segura-en-tartagal-600x400.jpg\" alt=\"\" class=\"wp-image-12900\" srcset=\"http:\/\/ipv.salta.gov.ar\/wp-content\/uploads\/2022\/11\/86451-en-un-operativo-conjunto-entre-provincia-y-ejercito-inicia-maniana-la-distribucion-de-agua-segura-en-tartagal-600x400.jpg 600w, http:\/\/ipv.salta.gov.ar\/wp-content\/uploads\/2022\/11\/86451-en-un-operativo-conjunto-entre-provincia-y-ejercito-inicia-maniana-la-distribucion-de-agua-segura-en-tartagal-300x200.jpg 300w, http:\/\/ipv.salta.gov.ar\/wp-content\/uploads\/2022\/11\/86451-en-un-operativo-conjunto-entre-provincia-y-ejercito-inicia-maniana-la-distribucion-de-agua-segura-en-tartagal-768x513.jpg 768w, http:\/\/ipv.salta.gov.ar\/wp-content\/uploads\/2022\/11\/86451-en-un-operativo-conjunto-entre-provincia-y-ejercito-inicia-maniana-la-distribucion-de-agua-segura-en-tartagal.jpg 899w\" sizes=\"(max-width: 600px) 100vw, 600px\" \/><figcaption>Catorce camiones en total se encargar\u00e1n de la distribuci\u00f3n del l\u00edquido vital. El trabajo se ampliar\u00e1 a comunidades de Ballivi\u00e1n, Alto La Sierra y Santa Mar\u00eda.<\/figcaption><\/figure>\n<p><!--more--><\/p>\n<p>El S\u00e1bado salieron los primeros tres camiones hacia la ciudad de Tartagal para la distribuci\u00f3n de agua segura. La log\u00edstica para este primer avance en el norte de la provincia se concret\u00f3 tras la formalizaci\u00f3n de un convenio de colaboraci\u00f3n entre el\u00a0<strong>Instituto Provincial de Vivienda<\/strong>, presidido por\u00a0<strong>Gustavo Carrizo<\/strong>\u00a0y el\u00a0<strong>Ej\u00e9rcito Argentino<\/strong>\u00a0representado por el jefe del batall\u00f3n de ingenieros de monta\u00f1a 5 \u201cGrl. Enrique Mosconi\u201d, teniente coronel Luis Alberto Rubio, quienes acordaron establecer tres bases en distintas comunidades con equipamiento y personal especializado.<\/p>\n<figure class=\"wp-block-image size-large\"><img decoding=\"async\" loading=\"lazy\" width=\"600\" height=\"400\" src=\"http:\/\/ipv.salta.gov.ar\/wp-content\/uploads\/2022\/11\/5007-en-un-operativo-conjunto-entre-provincia-y-ejercito-inicia-maniana-la-distribucion-de-agua-segura-en-tartagal-600x400.jpg\" alt=\"\" class=\"wp-image-12901\" srcset=\"http:\/\/ipv.salta.gov.ar\/wp-content\/uploads\/2022\/11\/5007-en-un-operativo-conjunto-entre-provincia-y-ejercito-inicia-maniana-la-distribucion-de-agua-segura-en-tartagal-600x400.jpg 600w, http:\/\/ipv.salta.gov.ar\/wp-content\/uploads\/2022\/11\/5007-en-un-operativo-conjunto-entre-provincia-y-ejercito-inicia-maniana-la-distribucion-de-agua-segura-en-tartagal-300x200.jpg 300w, http:\/\/ipv.salta.gov.ar\/wp-content\/uploads\/2022\/11\/5007-en-un-operativo-conjunto-entre-provincia-y-ejercito-inicia-maniana-la-distribucion-de-agua-segura-en-tartagal-768x513.jpg 768w, http:\/\/ipv.salta.gov.ar\/wp-content\/uploads\/2022\/11\/5007-en-un-operativo-conjunto-entre-provincia-y-ejercito-inicia-maniana-la-distribucion-de-agua-segura-en-tartagal.jpg 899w\" sizes=\"(max-width: 600px) 100vw, 600px\" \/><figcaption>Dicho acuerdo tiene como finalidad la prestaci\u00f3n de servicios referidos a tareas inherentes a captaci\u00f3n, potabilizaci\u00f3n y distribuci\u00f3n de agua en comunidades de Ballivi\u00e1n, Alto La Sierra y Santa Mar\u00eda, con el fin de mejorar el bienestar de la poblaci\u00f3n y la utilidad p\u00fablica.\u00a0<br \/>El titular del IPV, verific\u00f3 personalmente el equipamiento que el Ej\u00e9rcito comenzar\u00e1 a trasladar ma\u00f1ana y mencion\u00f3 \u201cse asistir\u00e1 en primera medida a los pobladores del municipio de Tartagal, con la distribuci\u00f3n de agua potable. El operativo continuar\u00e1 la pr\u00f3xima semana con trabajos de captaci\u00f3n, potabilizaci\u00f3n y distribuci\u00f3n de agua por comunidades de parajes de los departamentos San Mart\u00edn y Rivadavia\u201d.<\/figcaption><\/figure>\n<figure class=\"wp-block-image size-large\"><img decoding=\"async\" loading=\"lazy\" width=\"600\" height=\"400\" src=\"http:\/\/ipv.salta.gov.ar\/wp-content\/uploads\/2022\/11\/5008-en-un-operativo-conjunto-entre-provincia-y-ejercito-inicia-maniana-la-distribucion-de-agua-segura-en-tartagal-600x400.jpg\" alt=\"\" class=\"wp-image-12902\" srcset=\"http:\/\/ipv.salta.gov.ar\/wp-content\/uploads\/2022\/11\/5008-en-un-operativo-conjunto-entre-provincia-y-ejercito-inicia-maniana-la-distribucion-de-agua-segura-en-tartagal-600x400.jpg 600w, http:\/\/ipv.salta.gov.ar\/wp-content\/uploads\/2022\/11\/5008-en-un-operativo-conjunto-entre-provincia-y-ejercito-inicia-maniana-la-distribucion-de-agua-segura-en-tartagal-300x200.jpg 300w, http:\/\/ipv.salta.gov.ar\/wp-content\/uploads\/2022\/11\/5008-en-un-operativo-conjunto-entre-provincia-y-ejercito-inicia-maniana-la-distribucion-de-agua-segura-en-tartagal-768x513.jpg 768w, http:\/\/ipv.salta.gov.ar\/wp-content\/uploads\/2022\/11\/5008-en-un-operativo-conjunto-entre-provincia-y-ejercito-inicia-maniana-la-distribucion-de-agua-segura-en-tartagal.jpg 899w\" sizes=\"(max-width: 600px) 100vw, 600px\" \/><figcaption>El equipamiento que se dispondr\u00e1 consiste en: 14\u00a0camiones para la distribuci\u00f3n de agua, ambulancias, tres plantas potabilizadoras de diferentes capacidades, camionetas 4&#215;4, seis tanques de 2.000 lts, tres de 10.000lts, v\u00edveres e insumos m\u00e9dicos. \u00a0 \u00a0 \u00a0<br \/>Esta entrega complementa el trabajo que viene realizando la Provincia desde el 2020, a trav\u00e9s de la distribuci\u00f3n de m\u00e1s de 900 tanques a familias originarias del norte.<\/figcaption><\/figure>\n","protected":false},"excerpt":{"rendered":"","protected":false},"author":4,"featured_media":12900,"comment_status":"closed","ping_status":"closed","sticky":false,"template":"","format":"standard","meta":{"footnotes":""},"categories":[4,49],"tags":[],"_links":{"self":[{"href":"http:\/\/ipv.salta.gov.ar\/index.php?rest_route=\/wp\/v2\/posts\/12899"}],"collection":[{"href":"http:\/\/ipv.salta.gov.ar\/index.php?rest_route=\/wp\/v2\/posts"}],"about":[{"href":"http:\/\/ipv.salta.gov.ar\/index.php?rest_route=\/wp\/v2\/types\/post"}],"author":[{"embeddable":true,"href":"http:\/\/ipv.salta.gov.ar\/index.php?rest_route=\/wp\/v2\/users\/4"}],"replies":[{"embeddable":true,"href":"http:\/\/ipv.salta.gov.ar\/index.php?rest_route=%2Fwp%2Fv2%2Fcomments&post=12899"}],"version-history":[{"count":1,"href":"http:\/\/ipv.salta.gov.ar\/index.php?rest_route=\/wp\/v2\/posts\/12899\/revisions"}],"predecessor-version":[{"id":12903,"href":"http:\/\/ipv.salta.gov.ar\/index.php?rest_route=\/wp\/v2\/posts\/12899\/revisions\/12903"}],"wp:featuredmedia":[{"embeddable":true,"href":"http:\/\/ipv.salta.gov.ar\/index.php?rest_route=\/wp\/v2\/media\/12900"}],"wp:attachment":[{"href":"http:\/\/ipv.salta.gov.ar\/index.php?rest_route=%2Fwp%2Fv2%2Fmedia&parent=12899"}],"wp:term":[{"taxonomy":"category","embeddable":true,"href":"http:\/\/ipv.salta.gov.ar\/index.php?rest_route=%2Fwp%2Fv2%2Fcategories&post=12899"},{"taxonomy":"post_tag","embeddable":true,"href":"http:\/\/ipv.salta.gov.ar\/index.php?rest_route=%2Fwp%2Fv2%2Ftags&post=12899"}],"curies":[{"name":"wp","href":"https:\/\/api.w.org\/{rel}","templated":true}]}}