{"id":12931,"date":"2022-12-02T09:18:12","date_gmt":"2022-12-02T12:18:12","guid":{"rendered":"http:\/\/ipv.salta.gov.ar\/?p=12931"},"modified":"2022-12-02T09:18:12","modified_gmt":"2022-12-02T12:18:12","slug":"entrega-de-soluciones-habitacionales-y-anuncio-de-nuevas-obras-en-las-lajitas","status":"publish","type":"post","link":"http:\/\/ipv.salta.gov.ar\/?p=12931","title":{"rendered":"Entrega de soluciones habitacionales y anuncio de nuevas obras en Las Lajitas"},"content":{"rendered":"<figure class=\"wp-block-image size-large\"><img decoding=\"async\" loading=\"lazy\" width=\"600\" height=\"375\" src=\"http:\/\/ipv.salta.gov.ar\/wp-content\/uploads\/2022\/12\/86569-entrega-de-soluciones-habitacionales-y-anuncio-de-nuevas-obras-en-las-lajitas-600x375.jpg\" alt=\"\" class=\"wp-image-12932\" srcset=\"http:\/\/ipv.salta.gov.ar\/wp-content\/uploads\/2022\/12\/86569-entrega-de-soluciones-habitacionales-y-anuncio-de-nuevas-obras-en-las-lajitas-600x375.jpg 600w, http:\/\/ipv.salta.gov.ar\/wp-content\/uploads\/2022\/12\/86569-entrega-de-soluciones-habitacionales-y-anuncio-de-nuevas-obras-en-las-lajitas-300x188.jpg 300w, http:\/\/ipv.salta.gov.ar\/wp-content\/uploads\/2022\/12\/86569-entrega-de-soluciones-habitacionales-y-anuncio-de-nuevas-obras-en-las-lajitas-768x480.jpg 768w, http:\/\/ipv.salta.gov.ar\/wp-content\/uploads\/2022\/12\/86569-entrega-de-soluciones-habitacionales-y-anuncio-de-nuevas-obras-en-las-lajitas.jpg 960w\" sizes=\"(max-width: 600px) 100vw, 600px\" \/><figcaption>El Gobierno entreg\u00f3 15 soluciones habitacionales que consisten en dos dormitorios cada una, mientras que el IPV prepara el inicio de 44 casas, n\u00facleos h\u00famedos y obras de infraestructura.<\/figcaption><\/figure>\n<p><!--more--><\/p>\n<p>El Gobierno, a trav\u00e9s del Instituto Provincial de Vivienda (IPV), entreg\u00f3 15 soluciones habitacionales a familias residentes en Las Lajitas con el prop\u00f3sito de mejorar las condiciones de vida de esos vecinos y completar casas deficitarias.<\/p>\n<p>En el acto particip\u00f3 el coordinador de Enlace y Relaciones Pol\u00edticas, Pablo Outes; el secretario de Relaciones Institucionales de la Provincia Antonio Hucena; y el presidente del organismo, Gustavo Carrizo; y el intendente Fernando Alabi.\u00a0<\/p>\n<figure class=\"wp-block-image size-large\"><img decoding=\"async\" loading=\"lazy\" width=\"600\" height=\"375\" src=\"http:\/\/ipv.salta.gov.ar\/wp-content\/uploads\/2022\/12\/5092-entrega-de-soluciones-habitacionales-y-anuncio-de-nuevas-obras-en-las-lajitas-600x375.jpg\" alt=\"\" class=\"wp-image-12933\" srcset=\"http:\/\/ipv.salta.gov.ar\/wp-content\/uploads\/2022\/12\/5092-entrega-de-soluciones-habitacionales-y-anuncio-de-nuevas-obras-en-las-lajitas-600x375.jpg 600w, http:\/\/ipv.salta.gov.ar\/wp-content\/uploads\/2022\/12\/5092-entrega-de-soluciones-habitacionales-y-anuncio-de-nuevas-obras-en-las-lajitas-300x188.jpg 300w, http:\/\/ipv.salta.gov.ar\/wp-content\/uploads\/2022\/12\/5092-entrega-de-soluciones-habitacionales-y-anuncio-de-nuevas-obras-en-las-lajitas-768x480.jpg 768w, http:\/\/ipv.salta.gov.ar\/wp-content\/uploads\/2022\/12\/5092-entrega-de-soluciones-habitacionales-y-anuncio-de-nuevas-obras-en-las-lajitas.jpg 960w\" sizes=\"(max-width: 600px) 100vw, 600px\" \/><figcaption>Las unidades entregadas fueron financiadas por el IPV y pertenecen al programa provincial Recuperaci\u00f3n que se ejecuta a trav\u00e9s de los municipios, con el prop\u00f3sito de recuperar viviendas deficitarias.<\/p>\n<p>En este caso, cada soluci\u00f3n habitacional consisti\u00f3 en dos dormitorios.\u00a0<br \/>Durante la visita al municipio de Las Lajitas, Carrizo mencion\u00f3 que durante la presente gesti\u00f3n el organismo construy\u00f3 28 viviendas y 27 soluciones habitacionales, brindando respuesta a familias de escasos recursos econ\u00f3micos.\u00a0<br \/>Carrizo adem\u00e1s anunci\u00f3 el pronto inicio de n\u00facleos h\u00famedos en el barrio Santa Teresita, donde tambi\u00e9n se realizar\u00e1n obras de infraestructura del programa Argentina Unida por los barrios Populares que consistir\u00e1n en cord\u00f3n cuneta, vereda, luz y agua.\u00a0<br \/>El funcionario hizo menci\u00f3n a una nueva urbanizaci\u00f3n compuesta por 44 viviendas. El barrio ser\u00e1 financiado por el Ministerio de Desarrollo Territorial y H\u00e1bitat de Naci\u00f3n, bajo el programa Casa Propia \u2013 Construir Futuro: las viviendas ser\u00e1n de 62 m2 y tendr\u00e1n calefones solares para el ahorro de energ\u00eda el\u00e9ctrica.<\/p>\n<p>La obra generar\u00e1 decenas de puestos de trabajo genuinos en el municipio.<\/figcaption><\/figure>\n","protected":false},"excerpt":{"rendered":"","protected":false},"author":4,"featured_media":12932,"comment_status":"closed","ping_status":"closed","sticky":false,"template":"","format":"standard","meta":{"footnotes":""},"categories":[4,49],"tags":[],"_links":{"self":[{"href":"http:\/\/ipv.salta.gov.ar\/index.php?rest_route=\/wp\/v2\/posts\/12931"}],"collection":[{"href":"http:\/\/ipv.salta.gov.ar\/index.php?rest_route=\/wp\/v2\/posts"}],"about":[{"href":"http:\/\/ipv.salta.gov.ar\/index.php?rest_route=\/wp\/v2\/types\/post"}],"author":[{"embeddable":true,"href":"http:\/\/ipv.salta.gov.ar\/index.php?rest_route=\/wp\/v2\/users\/4"}],"replies":[{"embeddable":true,"href":"http:\/\/ipv.salta.gov.ar\/index.php?rest_route=%2Fwp%2Fv2%2Fcomments&post=12931"}],"version-history":[{"count":1,"href":"http:\/\/ipv.salta.gov.ar\/index.php?rest_route=\/wp\/v2\/posts\/12931\/revisions"}],"predecessor-version":[{"id":12934,"href":"http:\/\/ipv.salta.gov.ar\/index.php?rest_route=\/wp\/v2\/posts\/12931\/revisions\/12934"}],"wp:featuredmedia":[{"embeddable":true,"href":"http:\/\/ipv.salta.gov.ar\/index.php?rest_route=\/wp\/v2\/media\/12932"}],"wp:attachment":[{"href":"http:\/\/ipv.salta.gov.ar\/index.php?rest_route=%2Fwp%2Fv2%2Fmedia&parent=12931"}],"wp:term":[{"taxonomy":"category","embeddable":true,"href":"http:\/\/ipv.salta.gov.ar\/index.php?rest_route=%2Fwp%2Fv2%2Fcategories&post=12931"},{"taxonomy":"post_tag","embeddable":true,"href":"http:\/\/ipv.salta.gov.ar\/index.php?rest_route=%2Fwp%2Fv2%2Ftags&post=12931"}],"curies":[{"name":"wp","href":"https:\/\/api.w.org\/{rel}","templated":true}]}}