{"id":12966,"date":"2022-12-14T13:15:39","date_gmt":"2022-12-14T16:15:39","guid":{"rendered":"http:\/\/ipv.salta.gov.ar\/?p=12966"},"modified":"2022-12-14T13:16:11","modified_gmt":"2022-12-14T16:16:11","slug":"en-el-galpon-hay-obras-urbanas-de-educacion-viviendas-agua-y-saneamiento-por-casi-700-millones-dijo-saenz","status":"publish","type":"post","link":"http:\/\/ipv.salta.gov.ar\/?p=12966","title":{"rendered":"\u201dEn El Galp\u00f3n hay obras urbanas, de educaci\u00f3n, viviendas, agua y saneamiento por casi $700 millones\u201d, dijo S\u00e1enz"},"content":{"rendered":"<figure class=\"wp-block-image size-large\"><img decoding=\"async\" loading=\"lazy\" width=\"600\" height=\"399\" src=\"http:\/\/ipv.salta.gov.ar\/wp-content\/uploads\/2022\/12\/galpon45-600x399.jpeg\" alt=\"\" class=\"wp-image-12967\" srcset=\"http:\/\/ipv.salta.gov.ar\/wp-content\/uploads\/2022\/12\/galpon45-600x399.jpeg 600w, http:\/\/ipv.salta.gov.ar\/wp-content\/uploads\/2022\/12\/galpon45-300x200.jpeg 300w, http:\/\/ipv.salta.gov.ar\/wp-content\/uploads\/2022\/12\/galpon45-768x511.jpeg 768w, http:\/\/ipv.salta.gov.ar\/wp-content\/uploads\/2022\/12\/galpon45.jpeg 1280w\" sizes=\"(max-width: 600px) 100vw, 600px\" \/><figcaption>El Gobernador supervis\u00f3 en el municipio la construcci\u00f3n del nuevo edificio del secundario San Francisco Solano, 45 viviendas, asfalto en importantes arterias de la localidad y obras de agua y saneamiento. Destac\u00f3 que en la provincia est\u00e1 en marcha un plan federal y participativo de obras p\u00fablicas para todos los salte\u00f1os.<\/figcaption><\/figure>\n<p><!--more--><\/p>\n<p>El gobernador&nbsp;<strong>Gustavo S\u00e1enz<\/strong>&nbsp;estuvo en el municipio El Galp\u00f3n, donde acompa\u00f1ado por el intendente&nbsp;<strong>Federico Sacca<\/strong>&nbsp;verific\u00f3 las obras que est\u00e1n en ejecuci\u00f3n: el nuevo colegio Secundario N\u00b05031 San Francisco Solano, la construcci\u00f3n de 45 nuevas viviendas, pavimento en importantes arterias de la localidad y de agua y saneamiento.<\/p>\n<p>Tambi\u00e9n el mandatario, junto al ministro de Infraestructura<strong>&nbsp;Sergio Camacho<\/strong>, firmaron un convenio con el intendente Sacca para realizar la segunda etapa de la pavimentaci\u00f3n de avenida Hip\u00f3lito Yrigoyen.<\/p>\n<p>As\u00ed, con fondos provinciales y mano de obra local se continuar\u00e1 con este proyecto que adem\u00e1s incluye la iluminaci\u00f3n de una de las avenidas principales de la localidad para mejorar la circulaci\u00f3n vehicular y peatonal. Se invertir\u00e1n m\u00e1s de $34 millones en la ejecuci\u00f3n de 407 metros lineales de cord\u00f3n cuneta y 4898 metros cuadrados de pavimento.<\/p>\n<p>\u201dEn El Galp\u00f3n hay obras de educaci\u00f3n, viviendas, pavimento y de agua y saneamiento por casi $700 millones\u201d, indic\u00f3 el Gobernador durante la recorrida, destacando la importancia de gestionar y generar obras que aporten a la creaci\u00f3n de puestos laborales. Es con esta premisa que en la provincia est\u00e1 en marcha un plan federal y participativo para todos los salte\u00f1os.<\/p>\n<figure class=\"wp-block-image size-large\"><img decoding=\"async\" loading=\"lazy\" width=\"600\" height=\"399\" src=\"http:\/\/ipv.salta.gov.ar\/wp-content\/uploads\/2022\/12\/galpon45a-600x399.jpeg\" alt=\"\" class=\"wp-image-12968\" srcset=\"http:\/\/ipv.salta.gov.ar\/wp-content\/uploads\/2022\/12\/galpon45a-600x399.jpeg 600w, http:\/\/ipv.salta.gov.ar\/wp-content\/uploads\/2022\/12\/galpon45a-300x200.jpeg 300w, http:\/\/ipv.salta.gov.ar\/wp-content\/uploads\/2022\/12\/galpon45a-768x511.jpeg 768w, http:\/\/ipv.salta.gov.ar\/wp-content\/uploads\/2022\/12\/galpon45a.jpeg 1280w\" sizes=\"(max-width: 600px) 100vw, 600px\" \/><figcaption>Se construyen 20 Viviendas ubicadas en el barrio El Portal que se ejecutan por un convenio entre el Ministerio de Desarrollo Territorial y H\u00e1bitat de la Naci\u00f3n y el Instituto Provincial de Vivienda de Salta, del programa Construir Futuro.<br \/>La inversi\u00f3n es de $141.405.441 a trav\u00e9s del Municipio de El Galp\u00f3n y cooperativas de construcci\u00f3n, lo cual promueve el trabajo local y capacitaci\u00f3n de 60 puestos de trabajo.<br \/>Las viviendas poseen 62.85 m2 y 64.01 m2 para prototipos adaptados, y se incorporan estrategias de dise\u00f1o bioclim\u00e1tico (doble muro) que permiten lograr mejores niveles de confort t\u00e9rmico. Tambi\u00e9n se contempl\u00f3 la utilizaci\u00f3n de energ\u00edas renovables a trav\u00e9s de sistemas solares t\u00e9rmicos: termotanques solares.<br \/>Se prev\u00e9 la finalizaci\u00f3n para los primeros d\u00edas de septiembre de 2023.<br \/>Por otro lado, el Gobernador tambi\u00e9n verific\u00f3 el avance de 25 casas del programa Casa Propia.<br \/>En este caso y con una inversi\u00f3n de $162.213.499,64, el IPV lleva adelante el proyecto correspondiente a 20 viviendas del programa Casa Propia. Tendr\u00e1n 62 m2 y contar\u00e1n con dos dormitorios, cocina- comedor, ba\u00f1o y lavadero externo.<br \/>La obra genera 35 puestos de trabajos formales y es financiada por el Ministerio de Desarrollo Territorial y H\u00e1bitat de Naci\u00f3n.<\/figcaption><\/figure>\n","protected":false},"excerpt":{"rendered":"","protected":false},"author":4,"featured_media":12967,"comment_status":"closed","ping_status":"closed","sticky":false,"template":"","format":"standard","meta":{"footnotes":""},"categories":[4,49],"tags":[],"_links":{"self":[{"href":"http:\/\/ipv.salta.gov.ar\/index.php?rest_route=\/wp\/v2\/posts\/12966"}],"collection":[{"href":"http:\/\/ipv.salta.gov.ar\/index.php?rest_route=\/wp\/v2\/posts"}],"about":[{"href":"http:\/\/ipv.salta.gov.ar\/index.php?rest_route=\/wp\/v2\/types\/post"}],"author":[{"embeddable":true,"href":"http:\/\/ipv.salta.gov.ar\/index.php?rest_route=\/wp\/v2\/users\/4"}],"replies":[{"embeddable":true,"href":"http:\/\/ipv.salta.gov.ar\/index.php?rest_route=%2Fwp%2Fv2%2Fcomments&post=12966"}],"version-history":[{"count":1,"href":"http:\/\/ipv.salta.gov.ar\/index.php?rest_route=\/wp\/v2\/posts\/12966\/revisions"}],"predecessor-version":[{"id":12969,"href":"http:\/\/ipv.salta.gov.ar\/index.php?rest_route=\/wp\/v2\/posts\/12966\/revisions\/12969"}],"wp:featuredmedia":[{"embeddable":true,"href":"http:\/\/ipv.salta.gov.ar\/index.php?rest_route=\/wp\/v2\/media\/12967"}],"wp:attachment":[{"href":"http:\/\/ipv.salta.gov.ar\/index.php?rest_route=%2Fwp%2Fv2%2Fmedia&parent=12966"}],"wp:term":[{"taxonomy":"category","embeddable":true,"href":"http:\/\/ipv.salta.gov.ar\/index.php?rest_route=%2Fwp%2Fv2%2Fcategories&post=12966"},{"taxonomy":"post_tag","embeddable":true,"href":"http:\/\/ipv.salta.gov.ar\/index.php?rest_route=%2Fwp%2Fv2%2Ftags&post=12966"}],"curies":[{"name":"wp","href":"https:\/\/api.w.org\/{rel}","templated":true}]}}