{"id":12970,"date":"2022-12-14T13:29:25","date_gmt":"2022-12-14T16:29:25","guid":{"rendered":"http:\/\/ipv.salta.gov.ar\/?p=12970"},"modified":"2022-12-14T13:29:25","modified_gmt":"2022-12-14T16:29:25","slug":"construyendo-la-salta-del-futuro-el-gobernador-recorrio-obras-en-metan","status":"publish","type":"post","link":"http:\/\/ipv.salta.gov.ar\/?p=12970","title":{"rendered":"Construyendo la Salta del futuro: el Gobernador recorri\u00f3 obras en Met\u00e1n"},"content":{"rendered":"<figure class=\"wp-block-image size-large\"><img decoding=\"async\" loading=\"lazy\" width=\"600\" height=\"397\" src=\"http:\/\/ipv.salta.gov.ar\/wp-content\/uploads\/2022\/12\/metan-diciembre-600x397.jpg\" alt=\"\" class=\"wp-image-12971\" srcset=\"http:\/\/ipv.salta.gov.ar\/wp-content\/uploads\/2022\/12\/metan-diciembre-600x397.jpg 600w, http:\/\/ipv.salta.gov.ar\/wp-content\/uploads\/2022\/12\/metan-diciembre-300x199.jpg 300w, http:\/\/ipv.salta.gov.ar\/wp-content\/uploads\/2022\/12\/metan-diciembre-768x509.jpg 768w, http:\/\/ipv.salta.gov.ar\/wp-content\/uploads\/2022\/12\/metan-diciembre.jpg 906w\" sizes=\"(max-width: 600px) 100vw, 600px\" \/><figcaption>Se trata de la reactivaci\u00f3n de 157 viviendas que finalizar\u00e1n en 2 meses, la optimizaci\u00f3n de la planta potabilizadora del r\u00edo Conchas que beneficiar\u00e1 a 30 mil habitantes y comenzar\u00e1 a funcionar la pr\u00f3xima semana, ampliaci\u00f3n del hospital Del Carmen y un nuevo Centro de Desarrollo Infantil. Se invierte m\u00e1s de $1.300 millones.<\/figcaption><\/figure>\n<p><!--more--><\/p>\n<p>De acuerdo a la visi\u00f3n federal del Gobierno de Salta, en el municipio de Met\u00e1n se prev\u00e9 una inversi\u00f3n superior a los $1.300 millones. Hoy el gobernador&nbsp;<strong>Gustavo S\u00e1enz<\/strong>&nbsp;y el intendente<strong>&nbsp;Jos\u00e9 Issa<\/strong>, recorrieron varias de las obras que ya est\u00e1n en marcha.<\/p>\n<p>En primer lugar, supervisaron los trabajos de optimizaci\u00f3n de la planta potabilizadora existente del r\u00edo Conchas que beneficiar\u00e1 a 30 mil habitantes.<\/p>\n<p>Participaron de la recorrida el vicegobernador Antonio Marocco, el ministro de Infraestructura Sergio Camacho,\u00a0el senador departamental H\u00e9ctor D\u2019 Aur\u00eda y el presidente del Instituto Provincial de Vivienda, Gustavo Carrizo.<\/p>\n<p>Posteriormente, el Gobernador recorri\u00f3 la construcci\u00f3n de 157 viviendas, enmarcadas en el Plan Reconstruir, que tiene el prop\u00f3sito de terminar los trabajos paralizados o sin inicio durante la gesti\u00f3n anterior. La finalizaci\u00f3n de los trabajos est\u00e1 prevista en los pr\u00f3ximos dos meses del a\u00f1o que viene.<\/p>\n<p>Las casas constan de un estar-comedor, dos dormitorios, ba\u00f1o, cocina y lavadero exterior. Est\u00e1n a cargo del Instituto Provincial de Vivienda (IPV) con financiamiento del Ministerio de Desarrollo Territorial y H\u00e1bitat de Naci\u00f3n, el que asciende a $743.308.138,39.<\/p>\n","protected":false},"excerpt":{"rendered":"","protected":false},"author":4,"featured_media":12971,"comment_status":"closed","ping_status":"closed","sticky":false,"template":"","format":"standard","meta":{"footnotes":""},"categories":[4,49],"tags":[],"_links":{"self":[{"href":"http:\/\/ipv.salta.gov.ar\/index.php?rest_route=\/wp\/v2\/posts\/12970"}],"collection":[{"href":"http:\/\/ipv.salta.gov.ar\/index.php?rest_route=\/wp\/v2\/posts"}],"about":[{"href":"http:\/\/ipv.salta.gov.ar\/index.php?rest_route=\/wp\/v2\/types\/post"}],"author":[{"embeddable":true,"href":"http:\/\/ipv.salta.gov.ar\/index.php?rest_route=\/wp\/v2\/users\/4"}],"replies":[{"embeddable":true,"href":"http:\/\/ipv.salta.gov.ar\/index.php?rest_route=%2Fwp%2Fv2%2Fcomments&post=12970"}],"version-history":[{"count":1,"href":"http:\/\/ipv.salta.gov.ar\/index.php?rest_route=\/wp\/v2\/posts\/12970\/revisions"}],"predecessor-version":[{"id":12972,"href":"http:\/\/ipv.salta.gov.ar\/index.php?rest_route=\/wp\/v2\/posts\/12970\/revisions\/12972"}],"wp:featuredmedia":[{"embeddable":true,"href":"http:\/\/ipv.salta.gov.ar\/index.php?rest_route=\/wp\/v2\/media\/12971"}],"wp:attachment":[{"href":"http:\/\/ipv.salta.gov.ar\/index.php?rest_route=%2Fwp%2Fv2%2Fmedia&parent=12970"}],"wp:term":[{"taxonomy":"category","embeddable":true,"href":"http:\/\/ipv.salta.gov.ar\/index.php?rest_route=%2Fwp%2Fv2%2Fcategories&post=12970"},{"taxonomy":"post_tag","embeddable":true,"href":"http:\/\/ipv.salta.gov.ar\/index.php?rest_route=%2Fwp%2Fv2%2Ftags&post=12970"}],"curies":[{"name":"wp","href":"https:\/\/api.w.org\/{rel}","templated":true}]}}