{"id":13305,"date":"2023-01-24T09:22:09","date_gmt":"2023-01-24T12:22:09","guid":{"rendered":"http:\/\/ipv.salta.gov.ar\/?p=13305"},"modified":"2023-01-24T09:22:09","modified_gmt":"2023-01-24T12:22:09","slug":"familias-de-copo-quile-podran-acceder-a-la-vivienda-propia","status":"publish","type":"post","link":"http:\/\/ipv.salta.gov.ar\/?p=13305","title":{"rendered":"Familias de Copo Quile podr\u00e1n acceder a la vivienda propia"},"content":{"rendered":"<figure class=\"wp-block-image size-full\"><img decoding=\"async\" loading=\"lazy\" width=\"576\" height=\"324\" src=\"http:\/\/ipv.salta.gov.ar\/wp-content\/uploads\/2023\/01\/47.jpg\" alt=\"\" class=\"wp-image-13306\" srcset=\"http:\/\/ipv.salta.gov.ar\/wp-content\/uploads\/2023\/01\/47.jpg 576w, http:\/\/ipv.salta.gov.ar\/wp-content\/uploads\/2023\/01\/47-300x169.jpg 300w, http:\/\/ipv.salta.gov.ar\/wp-content\/uploads\/2023\/01\/47-128x72.jpg 128w\" sizes=\"(max-width: 576px) 100vw, 576px\" \/><figcaption>El IPV inici\u00f3 la obra de 10 casas en el pueblo ubicado en el municipio de El Potrero. Los trabajos demandar\u00e1n un a\u00f1o.<\/figcaption><\/figure>\n<p><!--more--><\/p>\n<p>En jurisdicci\u00f3n del municipio de El Potrero, departamento de Rosario de la Frontera, se encuentra el pueblo de Copo Quile, donde el Instituto Provincial de Vivienda (IPV) inici\u00f3 la construcci\u00f3n de 10 viviendas del programa nacional Casa propia \u2013 Construir Futuro.<\/p>\n<figure class=\"wp-block-image size-large\"><img decoding=\"async\" loading=\"lazy\" width=\"600\" height=\"277\" src=\"http:\/\/ipv.salta.gov.ar\/wp-content\/uploads\/2023\/01\/5535-familias-de-copo-quile-podran-acceder-a-la-vivienda-propia-600x277.jpg\" alt=\"\" class=\"wp-image-13307\" srcset=\"http:\/\/ipv.salta.gov.ar\/wp-content\/uploads\/2023\/01\/5535-familias-de-copo-quile-podran-acceder-a-la-vivienda-propia-600x277.jpg 600w, http:\/\/ipv.salta.gov.ar\/wp-content\/uploads\/2023\/01\/5535-familias-de-copo-quile-podran-acceder-a-la-vivienda-propia-300x138.jpg 300w, http:\/\/ipv.salta.gov.ar\/wp-content\/uploads\/2023\/01\/5535-familias-de-copo-quile-podran-acceder-a-la-vivienda-propia-768x354.jpg 768w, http:\/\/ipv.salta.gov.ar\/wp-content\/uploads\/2023\/01\/5535-familias-de-copo-quile-podran-acceder-a-la-vivienda-propia.jpg 1300w\" sizes=\"(max-width: 600px) 100vw, 600px\" \/><figcaption>Luego de muchos a\u00f1os y advirtiendo las necesidades habitacionales en el interior de la provincia, el organismo proyect\u00f3 e inici\u00f3 los trabajos en el lugar.<\/p>\n<p>Las casas de este nuevo barrio tendr\u00e1n dos dormitorios, ba\u00f1o, cocina-comedor, lavadero y termotanque solar.\u00a0<br \/>La inversi\u00f3n del Ministerio de Desarrollo Territorial y H\u00e1bitat de Naci\u00f3n es de $81.703.920 y el plazo de obra es de un a\u00f1o.<\/p>\n<p>Para la edificaci\u00f3n se emplearon a 10 personas de la zona, la construcci\u00f3n es tradicional, es decir con ladrillo hueso, pisos cer\u00e1micos, carpinter\u00eda de aluminio, doble vidrio herm\u00e9tico y dem\u00e1s materiales de primera calidad.<br \/>Adem\u00e1s de realizar la obra civil, se prev\u00e9n trabajos de infraestructura, nexo y complementarios para que el barrio cuente con servicios b\u00e1sicos. \u00a0 \u00a0<\/figcaption><\/figure>\n","protected":false},"excerpt":{"rendered":"","protected":false},"author":4,"featured_media":13306,"comment_status":"closed","ping_status":"closed","sticky":false,"template":"","format":"standard","meta":{"footnotes":""},"categories":[4],"tags":[],"_links":{"self":[{"href":"http:\/\/ipv.salta.gov.ar\/index.php?rest_route=\/wp\/v2\/posts\/13305"}],"collection":[{"href":"http:\/\/ipv.salta.gov.ar\/index.php?rest_route=\/wp\/v2\/posts"}],"about":[{"href":"http:\/\/ipv.salta.gov.ar\/index.php?rest_route=\/wp\/v2\/types\/post"}],"author":[{"embeddable":true,"href":"http:\/\/ipv.salta.gov.ar\/index.php?rest_route=\/wp\/v2\/users\/4"}],"replies":[{"embeddable":true,"href":"http:\/\/ipv.salta.gov.ar\/index.php?rest_route=%2Fwp%2Fv2%2Fcomments&post=13305"}],"version-history":[{"count":1,"href":"http:\/\/ipv.salta.gov.ar\/index.php?rest_route=\/wp\/v2\/posts\/13305\/revisions"}],"predecessor-version":[{"id":13308,"href":"http:\/\/ipv.salta.gov.ar\/index.php?rest_route=\/wp\/v2\/posts\/13305\/revisions\/13308"}],"wp:featuredmedia":[{"embeddable":true,"href":"http:\/\/ipv.salta.gov.ar\/index.php?rest_route=\/wp\/v2\/media\/13306"}],"wp:attachment":[{"href":"http:\/\/ipv.salta.gov.ar\/index.php?rest_route=%2Fwp%2Fv2%2Fmedia&parent=13305"}],"wp:term":[{"taxonomy":"category","embeddable":true,"href":"http:\/\/ipv.salta.gov.ar\/index.php?rest_route=%2Fwp%2Fv2%2Fcategories&post=13305"},{"taxonomy":"post_tag","embeddable":true,"href":"http:\/\/ipv.salta.gov.ar\/index.php?rest_route=%2Fwp%2Fv2%2Ftags&post=13305"}],"curies":[{"name":"wp","href":"https:\/\/api.w.org\/{rel}","templated":true}]}}