{"id":13384,"date":"2023-01-31T13:33:44","date_gmt":"2023-01-31T16:33:44","guid":{"rendered":"http:\/\/ipv.salta.gov.ar\/?p=13384"},"modified":"2023-01-31T13:33:44","modified_gmt":"2023-01-31T16:33:44","slug":"apertura-de-sobre-para-nuevas-obras-de-infraestructura-en-barrio-villa-sara-de-vaqueros","status":"publish","type":"post","link":"http:\/\/ipv.salta.gov.ar\/?p=13384","title":{"rendered":"Apertura de sobre para nuevas obras de infraestructura en barrio Villa Sara de Vaqueros"},"content":{"rendered":"<figure class=\"wp-block-image size-large\"><img decoding=\"async\" loading=\"lazy\" width=\"600\" height=\"400\" src=\"http:\/\/ipv.salta.gov.ar\/wp-content\/uploads\/2023\/01\/87592-apertura-de-sobre-para-nuevas-obras-de-infraestructura-en-barrio-villa-sara-de-vaqueros-600x400.jpg\" alt=\"\" class=\"wp-image-13385\" srcset=\"http:\/\/ipv.salta.gov.ar\/wp-content\/uploads\/2023\/01\/87592-apertura-de-sobre-para-nuevas-obras-de-infraestructura-en-barrio-villa-sara-de-vaqueros-600x400.jpg 600w, http:\/\/ipv.salta.gov.ar\/wp-content\/uploads\/2023\/01\/87592-apertura-de-sobre-para-nuevas-obras-de-infraestructura-en-barrio-villa-sara-de-vaqueros-300x200.jpg 300w, http:\/\/ipv.salta.gov.ar\/wp-content\/uploads\/2023\/01\/87592-apertura-de-sobre-para-nuevas-obras-de-infraestructura-en-barrio-villa-sara-de-vaqueros-768x513.jpg 768w, http:\/\/ipv.salta.gov.ar\/wp-content\/uploads\/2023\/01\/87592-apertura-de-sobre-para-nuevas-obras-de-infraestructura-en-barrio-villa-sara-de-vaqueros.jpg 899w\" sizes=\"(max-width: 600px) 100vw, 600px\" \/><figcaption>El marco de los proyectos RENABAP, Argentina Unida por la Integraci\u00f3n de los barrios Populares, se realizar\u00e1n distintas obras de infraestructura p\u00fablica respondiendo a las demandas de los vecinos.<\/figcaption><\/figure>\n<p><!--more--><\/p>\n<p>Se realiz\u00f3 esta ma\u00f1ana, una nueva apertura de sobre en el marco de los proyectos RENABAP, Argentina Unida por la Integraci\u00f3n de los barrios Populares, para el departamento de La Caldera&nbsp;que se suma a los cinco municipios que se encuentran con obras de infraestructura para mejorar la calidad de vida de la ciudadan\u00eda. &nbsp;&nbsp;<\/p>\n<p>Este nuevo proyecto incluye: perforaci\u00f3n pozo de agua, casilla de comando y cloraci\u00f3n, red de agua, instalaci\u00f3n domiciliaria de agua, nexo red de agua, obras de nexo y red cloacal, conexiones domiciliarias de cloaca, red vial, red desag\u00fce pluvial, red de media tensi\u00f3n, baja tensi\u00f3n y alumbrado p\u00fablico, conexiones domiciliarias de electricidad, construcci\u00f3n de 9 viviendas familiares, demolici\u00f3n de viviendas, construcci\u00f3n de potrero y plaza en en Barrio popular Villa Sara en el municipio de Vaqueros.<\/p>\n<p>La reuni\u00f3n, estuvo encabezada por la ministra de Desarrollo Social, Silvina Vargas; participaron el intendente Daniel Moreno; la escribana del Instituto Provincial de la Vivienda, Mariana P\u00e9rez Salazar junto a los ingenieros, Iv\u00e1n Vargas y Osvaldo Gelsi; las directoras generales de Integraci\u00f3n Socio Urbana (DISU) y de Planificaci\u00f3n Estrat\u00e9gica, Paula Castro y Fabiana Sastre, respectivamente.<\/p>\n<p>Participaron tambi\u00e9n los representantes de la Empresa Romero y CIA. SRL \u00fanico oferente.<\/p>\n<p>En el programa Argentina Unida por la Integraci\u00f3n de barrios populares, las obras se llevan adelante luego de una etapa diagn\u00f3stico y participativa, en di\u00e1logo y consenso con vecinos y vecinas que dan cuenta de las urgencias en la zona; adem\u00e1s, contempla la contrataci\u00f3n de un 25% de mano de obra local y de cooperativas para los barrios inscritos en el Registro Nacional de Barrios Populares (RENABAP)<\/p>\n","protected":false},"excerpt":{"rendered":"","protected":false},"author":4,"featured_media":13385,"comment_status":"closed","ping_status":"closed","sticky":false,"template":"","format":"standard","meta":{"footnotes":""},"categories":[4,49],"tags":[],"_links":{"self":[{"href":"http:\/\/ipv.salta.gov.ar\/index.php?rest_route=\/wp\/v2\/posts\/13384"}],"collection":[{"href":"http:\/\/ipv.salta.gov.ar\/index.php?rest_route=\/wp\/v2\/posts"}],"about":[{"href":"http:\/\/ipv.salta.gov.ar\/index.php?rest_route=\/wp\/v2\/types\/post"}],"author":[{"embeddable":true,"href":"http:\/\/ipv.salta.gov.ar\/index.php?rest_route=\/wp\/v2\/users\/4"}],"replies":[{"embeddable":true,"href":"http:\/\/ipv.salta.gov.ar\/index.php?rest_route=%2Fwp%2Fv2%2Fcomments&post=13384"}],"version-history":[{"count":1,"href":"http:\/\/ipv.salta.gov.ar\/index.php?rest_route=\/wp\/v2\/posts\/13384\/revisions"}],"predecessor-version":[{"id":13386,"href":"http:\/\/ipv.salta.gov.ar\/index.php?rest_route=\/wp\/v2\/posts\/13384\/revisions\/13386"}],"wp:featuredmedia":[{"embeddable":true,"href":"http:\/\/ipv.salta.gov.ar\/index.php?rest_route=\/wp\/v2\/media\/13385"}],"wp:attachment":[{"href":"http:\/\/ipv.salta.gov.ar\/index.php?rest_route=%2Fwp%2Fv2%2Fmedia&parent=13384"}],"wp:term":[{"taxonomy":"category","embeddable":true,"href":"http:\/\/ipv.salta.gov.ar\/index.php?rest_route=%2Fwp%2Fv2%2Fcategories&post=13384"},{"taxonomy":"post_tag","embeddable":true,"href":"http:\/\/ipv.salta.gov.ar\/index.php?rest_route=%2Fwp%2Fv2%2Ftags&post=13384"}],"curies":[{"name":"wp","href":"https:\/\/api.w.org\/{rel}","templated":true}]}}