{"id":14460,"date":"2024-05-31T11:02:16","date_gmt":"2024-05-31T14:02:16","guid":{"rendered":"http:\/\/ipv.salta.gov.ar\/?p=14460"},"modified":"2024-05-31T11:02:16","modified_gmt":"2024-05-31T14:02:16","slug":"el-ipv-retomo-en-cachi-la-obra-de-26-viviendas","status":"publish","type":"post","link":"http:\/\/ipv.salta.gov.ar\/?p=14460","title":{"rendered":"El IPV retom\u00f3 en Cachi la obra de 26 viviendas"},"content":{"rendered":"<\/p>\n<figure class=\"wp-block-image size-large\"><img decoding=\"async\" loading=\"lazy\" width=\"600\" height=\"338\" src=\"http:\/\/ipv.salta.gov.ar\/wp-content\/uploads\/2024\/05\/12339-el-ipv-retomo-en-cachi-la-obra-de-26-viviendas-1-600x338.png\" alt=\"\" class=\"wp-image-14464\" srcset=\"http:\/\/ipv.salta.gov.ar\/wp-content\/uploads\/2024\/05\/12339-el-ipv-retomo-en-cachi-la-obra-de-26-viviendas-1-600x338.png 600w, http:\/\/ipv.salta.gov.ar\/wp-content\/uploads\/2024\/05\/12339-el-ipv-retomo-en-cachi-la-obra-de-26-viviendas-1-300x169.png 300w, http:\/\/ipv.salta.gov.ar\/wp-content\/uploads\/2024\/05\/12339-el-ipv-retomo-en-cachi-la-obra-de-26-viviendas-1-768x432.png 768w, http:\/\/ipv.salta.gov.ar\/wp-content\/uploads\/2024\/05\/12339-el-ipv-retomo-en-cachi-la-obra-de-26-viviendas-1-642x362.png 642w, http:\/\/ipv.salta.gov.ar\/wp-content\/uploads\/2024\/05\/12339-el-ipv-retomo-en-cachi-la-obra-de-26-viviendas-1-128x72.png 128w, http:\/\/ipv.salta.gov.ar\/wp-content\/uploads\/2024\/05\/12339-el-ipv-retomo-en-cachi-la-obra-de-26-viviendas-1.png 1066w\" sizes=\"(max-width: 600px) 100vw, 600px\" \/><\/figure>\n<p>Se trata de los trabajos de infraestructura para que el nuevo barrio disponga de los servicios b\u00e1sicos, entre otros.<\/p>\n<p><!--more--><\/p>\n<p>El\u00a0<strong>Instituto Provincial de Vivienda (IPV)\u00a0<\/strong>apuesta a la continuidad de los planes vigentes de casas en el interior de Salta, luego de la decisi\u00f3n del Gobierno de la Naci\u00f3n de desfinanciar la obra p\u00fablica. Por ello, el titular del organismo provincial\u00a0<strong>Gustavo Carrizo<\/strong>\u00a0visit\u00f3 la localidad de Cachi, donde el organismo retom\u00f3 los trabajos en el nuevo barrio de 26 casas. Estuvo acompa\u00f1ado por el jefe comunal, Am\u00e9rico Liendro.<\/p>\n<p>La obra se encuentra en la etapa final. En lo que respecta a las viviendas, ya tienen colocados pisos y revestimientos, pintura interior y exterior. Cada unidad tendr\u00e1 dos dormitorios, cocina -comedor, ba\u00f1o, lavadero y p\u00e9rgola de madera con ca\u00f1as del lugar. Del total, una estar\u00e1 adaptada para discapacidad motriz.<\/p>\n<p>Por otra parte, se reactiv\u00f3 el trabajo de infraestructura, nexo y obras complementarias del mencionado barrio. Se destacan tareas en pozo, c\u00e1mara s\u00e9ptica, red de agua, entre otras con la finalidad de que las familias que vayan a vivir all\u00ed cuenten con los servicios b\u00e1sicos, adem\u00e1s de cord\u00f3n cuneta y calles enripiadas.<\/p>\n<p>Muchas de las obras de viviendas en la provincia est\u00e1n neutralizadas por falta de disponibilidad presupuestaria nacional. En ese contexto, autoridades provinciales realizaron gestiones para destrabar fondos y presentaron alternativas de asistencia financiera individual o de terceros de modo parcial o total para cooperar en la concreci\u00f3n de las obras, en miras de optimizar los trabajos y con el \u00fanico prop\u00f3sito de beneficiar a las familias salte\u00f1as con la casa propia.<\/p>\n","protected":false},"excerpt":{"rendered":"<p>Se trata de los trabajos de infraestructura para que el nuevo barrio disponga de los servicios b\u00e1sicos, entre otros.<\/p>\n","protected":false},"author":4,"featured_media":14464,"comment_status":"closed","ping_status":"closed","sticky":false,"template":"","format":"standard","meta":{"footnotes":""},"categories":[4,49],"tags":[],"_links":{"self":[{"href":"http:\/\/ipv.salta.gov.ar\/index.php?rest_route=\/wp\/v2\/posts\/14460"}],"collection":[{"href":"http:\/\/ipv.salta.gov.ar\/index.php?rest_route=\/wp\/v2\/posts"}],"about":[{"href":"http:\/\/ipv.salta.gov.ar\/index.php?rest_route=\/wp\/v2\/types\/post"}],"author":[{"embeddable":true,"href":"http:\/\/ipv.salta.gov.ar\/index.php?rest_route=\/wp\/v2\/users\/4"}],"replies":[{"embeddable":true,"href":"http:\/\/ipv.salta.gov.ar\/index.php?rest_route=%2Fwp%2Fv2%2Fcomments&post=14460"}],"version-history":[{"count":1,"href":"http:\/\/ipv.salta.gov.ar\/index.php?rest_route=\/wp\/v2\/posts\/14460\/revisions"}],"predecessor-version":[{"id":14465,"href":"http:\/\/ipv.salta.gov.ar\/index.php?rest_route=\/wp\/v2\/posts\/14460\/revisions\/14465"}],"wp:featuredmedia":[{"embeddable":true,"href":"http:\/\/ipv.salta.gov.ar\/index.php?rest_route=\/wp\/v2\/media\/14464"}],"wp:attachment":[{"href":"http:\/\/ipv.salta.gov.ar\/index.php?rest_route=%2Fwp%2Fv2%2Fmedia&parent=14460"}],"wp:term":[{"taxonomy":"category","embeddable":true,"href":"http:\/\/ipv.salta.gov.ar\/index.php?rest_route=%2Fwp%2Fv2%2Fcategories&post=14460"},{"taxonomy":"post_tag","embeddable":true,"href":"http:\/\/ipv.salta.gov.ar\/index.php?rest_route=%2Fwp%2Fv2%2Ftags&post=14460"}],"curies":[{"name":"wp","href":"https:\/\/api.w.org\/{rel}","templated":true}]}}