{"id":14475,"date":"2024-06-06T11:54:34","date_gmt":"2024-06-06T14:54:34","guid":{"rendered":"http:\/\/ipv.salta.gov.ar\/?p=14475"},"modified":"2024-06-06T12:12:32","modified_gmt":"2024-06-06T15:12:32","slug":"el-ipv-planifica-tareas-en-la-obra-de-20-viviendas-en-animana","status":"publish","type":"post","link":"http:\/\/ipv.salta.gov.ar\/?p=14475","title":{"rendered":"El IPV planifica tareas en la obra de 20 viviendas en Animan\u00e1"},"content":{"rendered":"<figure class=\"wp-block-image size-large\"><img decoding=\"async\" loading=\"lazy\" width=\"600\" height=\"338\" src=\"http:\/\/ipv.salta.gov.ar\/wp-content\/uploads\/2024\/06\/12461-obra-1-600x338.jpeg\" alt=\"\" class=\"wp-image-14479\" srcset=\"http:\/\/ipv.salta.gov.ar\/wp-content\/uploads\/2024\/06\/12461-obra-1-600x338.jpeg 600w, http:\/\/ipv.salta.gov.ar\/wp-content\/uploads\/2024\/06\/12461-obra-1-300x169.jpeg 300w, http:\/\/ipv.salta.gov.ar\/wp-content\/uploads\/2024\/06\/12461-obra-1-768x432.jpeg 768w, http:\/\/ipv.salta.gov.ar\/wp-content\/uploads\/2024\/06\/12461-obra-1-642x362.jpeg 642w, http:\/\/ipv.salta.gov.ar\/wp-content\/uploads\/2024\/06\/12461-obra-1-128x72.jpeg 128w, http:\/\/ipv.salta.gov.ar\/wp-content\/uploads\/2024\/06\/12461-obra-1.jpeg 1066w\" sizes=\"(max-width: 600px) 100vw, 600px\" \/><\/figure>\n<p>Se proyecta un nuevo plan de trabajo para finalizar las unidades habitacionales. Las mismas se hab\u00edan neutralizado con un avance f\u00edsico superior al 80%<\/p>\n<p><!--more--><\/p>\n<p>El Instituto Provincial de Vivienda (IPV) reactiva obras con fondos propios en distintos puntos de la provincia. En el municipio de Animan\u00e1 se plantea un nuevo plan de trabajo para finalizar 20 casas destinadas a familias de escasos recursos econ\u00f3micos de esa localidad.<\/p>\n<p>La obra se realiza en conjunto entre el IPV y la Municipalidad de esa localidad.&nbsp; El convenio de colaboraci\u00f3n establece que el financiamiento ser\u00e1 del organismo provincial y la compra de materiales con la mano de obra ser\u00e1 proporcionada por la comuna.<\/p>\n<p>Las viviendas pertenecen al Plan Provincial Mi Casa y cuentan con cocina-comedor, un dormitorio, ba\u00f1o completo y lavadero externo. Fueron dise\u00f1adas de acuerdo al clima y geograf\u00eda del lugar con paredes de adobe y piedras a la vista. Actualmente su avance f\u00edsico es superior al 80%.<\/p>\n","protected":false},"excerpt":{"rendered":"<p>Se proyecta un nuevo plan de trabajo para finalizar las unidades habitacionales. Las mismas se hab\u00edan neutralizado con un avance f\u00edsico superior al 80%<\/p>\n","protected":false},"author":4,"featured_media":14477,"comment_status":"closed","ping_status":"closed","sticky":false,"template":"","format":"standard","meta":{"footnotes":""},"categories":[4,49],"tags":[],"_links":{"self":[{"href":"http:\/\/ipv.salta.gov.ar\/index.php?rest_route=\/wp\/v2\/posts\/14475"}],"collection":[{"href":"http:\/\/ipv.salta.gov.ar\/index.php?rest_route=\/wp\/v2\/posts"}],"about":[{"href":"http:\/\/ipv.salta.gov.ar\/index.php?rest_route=\/wp\/v2\/types\/post"}],"author":[{"embeddable":true,"href":"http:\/\/ipv.salta.gov.ar\/index.php?rest_route=\/wp\/v2\/users\/4"}],"replies":[{"embeddable":true,"href":"http:\/\/ipv.salta.gov.ar\/index.php?rest_route=%2Fwp%2Fv2%2Fcomments&post=14475"}],"version-history":[{"count":2,"href":"http:\/\/ipv.salta.gov.ar\/index.php?rest_route=\/wp\/v2\/posts\/14475\/revisions"}],"predecessor-version":[{"id":14480,"href":"http:\/\/ipv.salta.gov.ar\/index.php?rest_route=\/wp\/v2\/posts\/14475\/revisions\/14480"}],"wp:featuredmedia":[{"embeddable":true,"href":"http:\/\/ipv.salta.gov.ar\/index.php?rest_route=\/wp\/v2\/media\/14477"}],"wp:attachment":[{"href":"http:\/\/ipv.salta.gov.ar\/index.php?rest_route=%2Fwp%2Fv2%2Fmedia&parent=14475"}],"wp:term":[{"taxonomy":"category","embeddable":true,"href":"http:\/\/ipv.salta.gov.ar\/index.php?rest_route=%2Fwp%2Fv2%2Fcategories&post=14475"},{"taxonomy":"post_tag","embeddable":true,"href":"http:\/\/ipv.salta.gov.ar\/index.php?rest_route=%2Fwp%2Fv2%2Ftags&post=14475"}],"curies":[{"name":"wp","href":"https:\/\/api.w.org\/{rel}","templated":true}]}}