{"id":14513,"date":"2024-07-17T10:27:36","date_gmt":"2024-07-17T13:27:36","guid":{"rendered":"http:\/\/ipv.salta.gov.ar\/?p=14513"},"modified":"2024-07-17T10:27:36","modified_gmt":"2024-07-17T13:27:36","slug":"familias-originarias-de-san-antonio-de-los-cobres-recibieron-la-documentacion-de-sus-casas","status":"publish","type":"post","link":"http:\/\/ipv.salta.gov.ar\/?p=14513","title":{"rendered":"Familias originarias de San Antonio de los Cobres recibieron la documentaci\u00f3n de sus casas"},"content":{"rendered":"<figure class=\"wp-block-image size-large\"><img decoding=\"async\" loading=\"lazy\" width=\"600\" height=\"338\" src=\"http:\/\/ipv.salta.gov.ar\/wp-content\/uploads\/2024\/07\/96735-familias-originarias-de-san-antonio-de-los-cobres-recibieron-la-documentacion-de-sus-casas-600x338.jpg\" alt=\"\" class=\"wp-image-14514\" srcset=\"http:\/\/ipv.salta.gov.ar\/wp-content\/uploads\/2024\/07\/96735-familias-originarias-de-san-antonio-de-los-cobres-recibieron-la-documentacion-de-sus-casas-600x338.jpg 600w, http:\/\/ipv.salta.gov.ar\/wp-content\/uploads\/2024\/07\/96735-familias-originarias-de-san-antonio-de-los-cobres-recibieron-la-documentacion-de-sus-casas-300x169.jpg 300w, http:\/\/ipv.salta.gov.ar\/wp-content\/uploads\/2024\/07\/96735-familias-originarias-de-san-antonio-de-los-cobres-recibieron-la-documentacion-de-sus-casas-768x432.jpg 768w, http:\/\/ipv.salta.gov.ar\/wp-content\/uploads\/2024\/07\/96735-familias-originarias-de-san-antonio-de-los-cobres-recibieron-la-documentacion-de-sus-casas-642x362.jpg 642w, http:\/\/ipv.salta.gov.ar\/wp-content\/uploads\/2024\/07\/96735-familias-originarias-de-san-antonio-de-los-cobres-recibieron-la-documentacion-de-sus-casas-128x72.jpg 128w, http:\/\/ipv.salta.gov.ar\/wp-content\/uploads\/2024\/07\/96735-familias-originarias-de-san-antonio-de-los-cobres-recibieron-la-documentacion-de-sus-casas.jpg 1066w\" sizes=\"(max-width: 600px) 100vw, 600px\" \/><\/figure>\n<p>El IPV entreg\u00f3 carpetas t\u00e9cnicas a 17 familias de la comunidad Kolla Unidos que ya habitaban las viviendas construidas en conjunto con el IPPIS.<\/p>\n<p><!--more--><\/p>\n<p>La presidente del Instituto Provincial de Vivienda (IPV), Laura Caballero, formaliz\u00f3 la entrega de 17 viviendas destinadas a la comunidad Kolla Unidos del municipio de San Antonio de Los Cobres. Las familias recibieron la carpeta de la obra con la documentaci\u00f3n correspondiente.<\/p>\n<p>Caballero recibi\u00f3 a las familias en las oficinas ubicadas en Belgrano 1.349 de la capital salte\u00f1a y les hizo entrega de la documentaci\u00f3n con las especificaciones t\u00e9cnicas de cada vivienda. Cabe resaltar que las casas fueron habitadas por los beneficiarios cuando finalizaron los trabajos, entendiendo la necesidad de cada grupo familiar.<\/p>\n<p>La obra se realiz\u00f3 con financiamiento mixto de Provincia y Naci\u00f3n y la ejecuci\u00f3n, por medio de convenios con el IPPIS (Instituto Provincial de Pueblos Ind\u00edgenas de Salta). Las casas tienen dos y tres dormitorios, ba\u00f1o, cocina-comedor y lavadero externo.<\/p>\n<p>Los trabajos se desarrollaron teniendo en cuenta la localizaci\u00f3n geogr\u00e1fica, cultural y social de los pobladores de la comunidad Kolla Unidos, con el objetivo de afianzar el arraigo en su lugar de desarrollo y origen.<\/p>\n","protected":false},"excerpt":{"rendered":"<p>El IPV entreg\u00f3 carpetas t\u00e9cnicas a 17 familias de la comunidad Kolla Unidos que ya habitaban las viviendas construidas en conjunto con el IPPIS.<\/p>\n","protected":false},"author":4,"featured_media":14514,"comment_status":"closed","ping_status":"closed","sticky":false,"template":"","format":"standard","meta":{"footnotes":""},"categories":[4,49],"tags":[],"_links":{"self":[{"href":"http:\/\/ipv.salta.gov.ar\/index.php?rest_route=\/wp\/v2\/posts\/14513"}],"collection":[{"href":"http:\/\/ipv.salta.gov.ar\/index.php?rest_route=\/wp\/v2\/posts"}],"about":[{"href":"http:\/\/ipv.salta.gov.ar\/index.php?rest_route=\/wp\/v2\/types\/post"}],"author":[{"embeddable":true,"href":"http:\/\/ipv.salta.gov.ar\/index.php?rest_route=\/wp\/v2\/users\/4"}],"replies":[{"embeddable":true,"href":"http:\/\/ipv.salta.gov.ar\/index.php?rest_route=%2Fwp%2Fv2%2Fcomments&post=14513"}],"version-history":[{"count":1,"href":"http:\/\/ipv.salta.gov.ar\/index.php?rest_route=\/wp\/v2\/posts\/14513\/revisions"}],"predecessor-version":[{"id":14515,"href":"http:\/\/ipv.salta.gov.ar\/index.php?rest_route=\/wp\/v2\/posts\/14513\/revisions\/14515"}],"wp:featuredmedia":[{"embeddable":true,"href":"http:\/\/ipv.salta.gov.ar\/index.php?rest_route=\/wp\/v2\/media\/14514"}],"wp:attachment":[{"href":"http:\/\/ipv.salta.gov.ar\/index.php?rest_route=%2Fwp%2Fv2%2Fmedia&parent=14513"}],"wp:term":[{"taxonomy":"category","embeddable":true,"href":"http:\/\/ipv.salta.gov.ar\/index.php?rest_route=%2Fwp%2Fv2%2Fcategories&post=14513"},{"taxonomy":"post_tag","embeddable":true,"href":"http:\/\/ipv.salta.gov.ar\/index.php?rest_route=%2Fwp%2Fv2%2Ftags&post=14513"}],"curies":[{"name":"wp","href":"https:\/\/api.w.org\/{rel}","templated":true}]}}