{"id":14720,"date":"2025-02-17T09:37:31","date_gmt":"2025-02-17T12:37:31","guid":{"rendered":"http:\/\/ipv.salta.gov.ar\/?p=14720"},"modified":"2025-02-17T09:37:31","modified_gmt":"2025-02-17T12:37:31","slug":"el-gobernador-saenz-entrego-20-casas-en-animana-durante-la-gestion-mas-de-4200-familias-ya-son-propietarias","status":"publish","type":"post","link":"http:\/\/ipv.salta.gov.ar\/?p=14720","title":{"rendered":"El gobernador S\u00e1enz entreg\u00f3 20 casas en Animan\u00e1: Durante la gesti\u00f3n m\u00e1s de 4200 familias ya son propietarias"},"content":{"rendered":"<figure class=\"wp-block-image size-large\"><img decoding=\"async\" loading=\"lazy\" width=\"600\" height=\"326\" src=\"http:\/\/ipv.salta.gov.ar\/wp-content\/uploads\/2025\/02\/Sin-titulo-600x326.png\" alt=\"\" class=\"wp-image-14721\" srcset=\"http:\/\/ipv.salta.gov.ar\/wp-content\/uploads\/2025\/02\/Sin-titulo-600x326.png 600w, http:\/\/ipv.salta.gov.ar\/wp-content\/uploads\/2025\/02\/Sin-titulo-300x163.png 300w, http:\/\/ipv.salta.gov.ar\/wp-content\/uploads\/2025\/02\/Sin-titulo.png 622w\" sizes=\"(max-width: 600px) 100vw, 600px\" \/><\/figure>\n<p>El Gobierno de Salta a partir de la pol\u00edtica provincial de acceso a la vivienda propia, retom\u00f3 las obras que hab\u00edan sido iniciadas con Naci\u00f3n, reactivando su ejecuci\u00f3n para finalizar casi 2.000 casas en capital e interior, al tiempo de avanzar con nuevos proyectos.<\/p>\n<p><!--more--><\/p>\n<p>El gobernador&nbsp;<strong>Gustavo S\u00e1enz<\/strong>&nbsp;junto al intendente de Animan\u00e1,&nbsp;<strong>Jos\u00e9 Rolando Guaim\u00e1s<\/strong>&nbsp;y la presidenta del IPV&nbsp;<strong>Laura Caballero<\/strong>, entreg\u00f3 20 nuevas viviendas a familias de esa localidad. Esta acci\u00f3n se enmarca en la pol\u00edtica provincial de acceso a la vivienda propia, impulsada por el gobernador S\u00e1enz, que ya ha beneficiado a m\u00e1s de 4.200familias en toda la provincia.<\/p>\n<p>El Gobernador record\u00f3 que la provincia retom\u00f3 en m\u00e1s de un 90% las obras que hab\u00edan sido iniciadas con Naci\u00f3n, dando continuidad a la ejecuci\u00f3n para finalizar casi 2.000 casas en capital e interior.<\/p>\n<p>Luego de la entrega de las casas, el Gobernador salud\u00f3 y dialog\u00f3 con los vecinos a los que les agradeci\u00f3 \u201cpor permitirme compartir este momento tan especial con ustedes. La alegr\u00eda es enorme para m\u00ed\u201d, les dijo.<\/p>\n<figure class=\"wp-block-image size-large\"><img decoding=\"async\" loading=\"lazy\" width=\"600\" height=\"337\" src=\"http:\/\/ipv.salta.gov.ar\/wp-content\/uploads\/2025\/02\/Sin-titulo-1-600x337.png\" alt=\"\" class=\"wp-image-14722\" srcset=\"http:\/\/ipv.salta.gov.ar\/wp-content\/uploads\/2025\/02\/Sin-titulo-1-600x337.png 600w, http:\/\/ipv.salta.gov.ar\/wp-content\/uploads\/2025\/02\/Sin-titulo-1-300x168.png 300w, http:\/\/ipv.salta.gov.ar\/wp-content\/uploads\/2025\/02\/Sin-titulo-1-128x72.png 128w, http:\/\/ipv.salta.gov.ar\/wp-content\/uploads\/2025\/02\/Sin-titulo-1.png 622w\" sizes=\"(max-width: 600px) 100vw, 600px\" \/><\/figure>\n<p>La Presidenta del IPV resalt\u00f3 que \u201ces la directiva del gobernador S\u00e1enz seguir adelante con proyectos de vivienda y y ejecutar otros, trabajando en conjunto con los municipios\u201d. As\u00ed y de acuerdo a las prioridades se trabaja fuertemente en soluciones habitacionales y en el desarrollo de suelos urbanos, entre otras acciones.<\/p>\n<p>\u201cTrabajamos en un contexto dif\u00edcil pero el trabajo en equipo y el esfuerzo demuestran que se puede avanzar porque detr\u00e1s de cada ladrillo y plano est\u00e1 la ilusi\u00f3n de una familia\u201d, expres\u00f3.<\/p>\n<p>El intendente Guaim\u00e1s se\u00f1al\u00f3 que esta entrega se concreta a partir de un convenio con el Instituto Provincial de la Vivienda por el cu\u00e1l el financiamiento lo proporcion\u00f3 el organismo, en tanto la compra de materiales, mano de obra y direcci\u00f3n t\u00e9cnica estuvo a cargo de la comuna. \u201cEs una muestra del compromiso social del gobierno y la mirada federal del Gobernador para que las familias vallistas tengan las mismas oportunidades que otras\u201d.<\/p>\n<p>La emoci\u00f3n de tener su techo propio, fue expresada por los nuevos due\u00f1os que agradecieron esta oportunidad y relataron que esperaron m\u00e1s de 12 a\u00f1os \u201cpara disfrutar del sue\u00f1o cumplido\u201d.<\/p>\n<figure class=\"wp-block-image size-full\"><img decoding=\"async\" loading=\"lazy\" width=\"495\" height=\"281\" src=\"http:\/\/ipv.salta.gov.ar\/wp-content\/uploads\/2025\/02\/Sin-titulo3.png\" alt=\"\" class=\"wp-image-14723\" srcset=\"http:\/\/ipv.salta.gov.ar\/wp-content\/uploads\/2025\/02\/Sin-titulo3.png 495w, http:\/\/ipv.salta.gov.ar\/wp-content\/uploads\/2025\/02\/Sin-titulo3-300x170.png 300w, http:\/\/ipv.salta.gov.ar\/wp-content\/uploads\/2025\/02\/Sin-titulo3-128x72.png 128w\" sizes=\"(max-width: 495px) 100vw, 495px\" \/><\/figure>\n<p><strong>Las viviendas en Animan\u00e1<\/strong><\/p>\n<p>Cuentan con cocina-comedor, dormitorio, ba\u00f1o completo y lavadero externo. Fueron construidas con materiales de la regi\u00f3n, como adobe y piedras a la vista, adapt\u00e1ndose al clima y geograf\u00eda del lugar. Las viviendas pertenecen al Plan Provincial Mi Casa.<\/p>\n<p>Asistieron tambi\u00e9n el Jefe del \u00e1rea Unidad Ejecutora de Programas Descentralizados, Juan Carlos Bernasconi, y otras autoridades del IPV, funcionarios del municipio y del Concejo Deliberante, familias adjudicatarias, entre otros.<\/p>\n","protected":false},"excerpt":{"rendered":"<p>El Gobierno de Salta a partir de la pol\u00edtica provincial de acceso a la vivienda propia, retom\u00f3 las obras que hab\u00edan sido iniciadas con Naci\u00f3n, reactivando su ejecuci\u00f3n para finalizar casi 2.000 casas en capital e interior, al tiempo de avanzar con nuevos proyectos.<\/p>\n","protected":false},"author":4,"featured_media":14721,"comment_status":"closed","ping_status":"closed","sticky":false,"template":"","format":"standard","meta":{"footnotes":""},"categories":[4,49],"tags":[],"_links":{"self":[{"href":"http:\/\/ipv.salta.gov.ar\/index.php?rest_route=\/wp\/v2\/posts\/14720"}],"collection":[{"href":"http:\/\/ipv.salta.gov.ar\/index.php?rest_route=\/wp\/v2\/posts"}],"about":[{"href":"http:\/\/ipv.salta.gov.ar\/index.php?rest_route=\/wp\/v2\/types\/post"}],"author":[{"embeddable":true,"href":"http:\/\/ipv.salta.gov.ar\/index.php?rest_route=\/wp\/v2\/users\/4"}],"replies":[{"embeddable":true,"href":"http:\/\/ipv.salta.gov.ar\/index.php?rest_route=%2Fwp%2Fv2%2Fcomments&post=14720"}],"version-history":[{"count":1,"href":"http:\/\/ipv.salta.gov.ar\/index.php?rest_route=\/wp\/v2\/posts\/14720\/revisions"}],"predecessor-version":[{"id":14724,"href":"http:\/\/ipv.salta.gov.ar\/index.php?rest_route=\/wp\/v2\/posts\/14720\/revisions\/14724"}],"wp:featuredmedia":[{"embeddable":true,"href":"http:\/\/ipv.salta.gov.ar\/index.php?rest_route=\/wp\/v2\/media\/14721"}],"wp:attachment":[{"href":"http:\/\/ipv.salta.gov.ar\/index.php?rest_route=%2Fwp%2Fv2%2Fmedia&parent=14720"}],"wp:term":[{"taxonomy":"category","embeddable":true,"href":"http:\/\/ipv.salta.gov.ar\/index.php?rest_route=%2Fwp%2Fv2%2Fcategories&post=14720"},{"taxonomy":"post_tag","embeddable":true,"href":"http:\/\/ipv.salta.gov.ar\/index.php?rest_route=%2Fwp%2Fv2%2Ftags&post=14720"}],"curies":[{"name":"wp","href":"https:\/\/api.w.org\/{rel}","templated":true}]}}