{"id":15338,"date":"2026-04-28T07:06:07","date_gmt":"2026-04-28T10:06:07","guid":{"rendered":"http:\/\/ipv.salta.gov.ar\/?p=15338"},"modified":"2026-04-28T07:06:07","modified_gmt":"2026-04-28T10:06:07","slug":"con-fondos-provinciales-saenz-entrego-40-viviendas-en-moldes-y-reactivo-una-obra-paralizada","status":"publish","type":"post","link":"http:\/\/ipv.salta.gov.ar\/?p=15338","title":{"rendered":"Con fondos provinciales, S\u00e1enz entreg\u00f3 40 viviendas en Moldes y reactiv\u00f3 una obra paralizada"},"content":{"rendered":"<figure class=\"wp-block-image size-large\"><img decoding=\"async\" loading=\"lazy\" width=\"600\" height=\"338\" src=\"http:\/\/ipv.salta.gov.ar\/wp-content\/uploads\/2026\/04\/moldes45-600x338.jpg\" alt=\"\" class=\"wp-image-15339\" srcset=\"http:\/\/ipv.salta.gov.ar\/wp-content\/uploads\/2026\/04\/moldes45-600x338.jpg 600w, http:\/\/ipv.salta.gov.ar\/wp-content\/uploads\/2026\/04\/moldes45-300x169.jpg 300w, http:\/\/ipv.salta.gov.ar\/wp-content\/uploads\/2026\/04\/moldes45-768x432.jpg 768w, http:\/\/ipv.salta.gov.ar\/wp-content\/uploads\/2026\/04\/moldes45-642x362.jpg 642w, http:\/\/ipv.salta.gov.ar\/wp-content\/uploads\/2026\/04\/moldes45-128x72.jpg 128w, http:\/\/ipv.salta.gov.ar\/wp-content\/uploads\/2026\/04\/moldes45.jpg 1066w\" sizes=\"(max-width: 600px) 100vw, 600px\" \/><\/figure>\n<p>La gesti\u00f3n del gobernador hizo posible que m\u00e1s de 4.300 familias salte\u00f1as de toda la provincia accedan a la casa propia, \u201cLos que gobernamos debemos establecer prioridades y para nosotros es cumplir los sue\u00f1os de las familias que esperan su techo\u201d, dijo el Gobernador.<\/p>\n<p><!--more--><\/p>\n<p>El gobernado<strong>r Gustavo S\u00e1enz<\/strong>&nbsp;encabez\u00f3 la entrega de 40 viviendas a familias de Coronel Moldes, reafirmando el compromiso del Estado provincial con la reactivaci\u00f3n de obras y la generaci\u00f3n de soluciones habitacionales en todo el territorio salte\u00f1o.<\/p>\n<p>Estas unidades habitacionales fueron ejecutadas a trav\u00e9s del Instituto Provincial de Vivienda (IPV), originalmente proyectadas con financiamiento nacional. Ante la interrupci\u00f3n del env\u00edo de fondos por parte del Gobierno nacional y bajo la premisa de no detener la obra p\u00fablica, el gobernador S\u00e1enz tom\u00f3 la decisi\u00f3n de concluir el complejo habitacional \u00edntegramente con recursos propios.<\/p>\n<p>\u201cEsta obra y cada una de las que se est\u00e1n ejecutando en la provincia, las est\u00e1n haciendo los salte\u00f1os con sus aportes\u201d, remarc\u00f3 el Gobernador. Y a\u00f1adi\u00f3 que \u201clos que gobernamos debemos establecer prioridades y para nosotros es cumplir los sue\u00f1os de las familias que esperan el techo propio\u201d.<\/p>\n<p>En este sentido expres\u00f3 que la falta de fondos no es excusa ante las prioridades y los sue\u00f1os de las familias salte\u00f1as y asegur\u00f3 que cada llave entregada representa la esperanza de tener una casa propia, la oportunidad de vivir dignamente, con tranquilidad y seguridad. \u201cTenemos la obligaci\u00f3n moral de estar al lado de quienes nos necesitan y hacer lo que la gente espera\u201d, recalc\u00f3.&nbsp;<\/p>\n<p>\u201cHoy venimos aqu\u00ed a transformar una decisi\u00f3n nacional para poder terminar estas viviendas que era el sue\u00f1o de tantas familias salte\u00f1as. Viviendas que fueron dejadas en un 50 o 60% por el Gobierno nacional porque no hab\u00eda plata, pero hay prioridades, porque en cada llave que entregamos hay muchas familias y la esperanza de tener la casa propia. Hay sue\u00f1os por cumplir, que tenemos la obligaci\u00f3n moral de hacerlo, cuando ya fueron adjudicadas esas familias, y ten\u00edan ilusi\u00f3n de que de una vez por todas iban a poder llegar a tener la oportunidad de vivir dignamente con tranquilidad y seguridad por el resto de sus vidas\u201d, enfatiz\u00f3 el gobernador S\u00e1enz&nbsp;<\/p>\n<p>\u201cCon much\u00edsimo esfuerzo las terminamos, con el esfuerzo y la solidaridad de todos los salte\u00f1os. Porque en esas casas hay un poquito de cada salte\u00f1o que aporta al gobierno provincial para que hoy se cumplan esos sue\u00f1os. Esto no es gracias al gobierno provincial sino gracias a cada salte\u00f1o que sin saberlo hoy le da la oportunidad a 40 familias para que cumplan sus sue\u00f1os y que tengan su casa propia y por sobre todas las cosas\u201d, subray\u00f3 el mandatario provincial.\u00a0<br \/>Al referirse a la obra de viviendas y dem\u00e1s ejecuciones en la provincia, S\u00e1enz expres\u00f3 \u201cAlguien ten\u00eda que pelear por estas obras y alguien ten\u00eda gestionar, pero esta obra y todas las que se est\u00e1n haciendo en la provincia con mucho sacrificio la est\u00e1n haciendo los salte\u00f1os ni el Gobierno nacional ni este gobernador, es el aporte de ustedes, para obras que llenan el alma, que cumplen sue\u00f1os y que nos dan la esperanza que de una vez por todas en Salta tenemos un gobierno que piensa primero y por sobre todas las cosas en cada salte\u00f1o.<\/p>\n<p>La presidente del IPV, Laura Caballero indic\u00f3 que a\u00fan en un contexto dif\u00edcil, el organismo junto con los municipios contin\u00faa garantizando a las familias salte\u00f1as el derecho de acceso a una vivienda digna.<\/p>\n<p>Con esta premisa, la gesti\u00f3n S\u00e1enz hizo posible que m\u00e1s de 4.300 familias salte\u00f1as de toda la provincia accedan al techo propio. Y reflejando un compromiso sostenido con la pol\u00edtica habitacional, la Provincia reactiv\u00f3 con fondos provinciales obras que la Naci\u00f3n paraliz\u00f3.<\/p>\n<p>El intendente anfitri\u00f3n Omar Carrasco resalt\u00f3 que la ejecuci\u00f3n del nuevo barrio se inici\u00f3 con fondos nacionales y luego \u201cla obra se desfinanci\u00f3 y abandon\u00f3. En este marco, el Gobernador con decisi\u00f3n pol\u00edtica y profundo compromiso social, volvi\u00f3 a refinanciarla y las termin\u00f3\u201d.\u00a0<\/p>\n<p>En representaci\u00f3n de las familias adjudicatarias, Sim\u00f3n Vite agradeci\u00f3 a la gesti\u00f3n provincial y municipal por \u201cla realizaci\u00f3n de este sue\u00f1o hecho realidad que abre una nueva etapa con seguridad para nuestros hijos\u201d.<\/p>\n<p>Acompa\u00f1aron el vicegobernador Antonio Marocco; el presidente de la C\u00e1mara de Diputados, Esteban Amat Lacroix, la intendente de La Vi\u00f1a, Elizabeth S\u00e1nchez; legisladores provinciales; entre otras autoridades.<\/p>\n","protected":false},"excerpt":{"rendered":"<p>La gesti\u00f3n del gobernador hizo posible que m\u00e1s de 4.300 familias salte\u00f1as de toda la provincia accedan a la casa propia, \u201cLos que gobernamos debemos establecer prioridades y para nosotros es cumplir los sue\u00f1os de las familias que esperan su techo\u201d, dijo el Gobernador.<\/p>\n","protected":false},"author":4,"featured_media":15339,"comment_status":"closed","ping_status":"closed","sticky":false,"template":"","format":"standard","meta":{"footnotes":""},"categories":[4,49],"tags":[],"_links":{"self":[{"href":"http:\/\/ipv.salta.gov.ar\/index.php?rest_route=\/wp\/v2\/posts\/15338"}],"collection":[{"href":"http:\/\/ipv.salta.gov.ar\/index.php?rest_route=\/wp\/v2\/posts"}],"about":[{"href":"http:\/\/ipv.salta.gov.ar\/index.php?rest_route=\/wp\/v2\/types\/post"}],"author":[{"embeddable":true,"href":"http:\/\/ipv.salta.gov.ar\/index.php?rest_route=\/wp\/v2\/users\/4"}],"replies":[{"embeddable":true,"href":"http:\/\/ipv.salta.gov.ar\/index.php?rest_route=%2Fwp%2Fv2%2Fcomments&post=15338"}],"version-history":[{"count":1,"href":"http:\/\/ipv.salta.gov.ar\/index.php?rest_route=\/wp\/v2\/posts\/15338\/revisions"}],"predecessor-version":[{"id":15340,"href":"http:\/\/ipv.salta.gov.ar\/index.php?rest_route=\/wp\/v2\/posts\/15338\/revisions\/15340"}],"wp:featuredmedia":[{"embeddable":true,"href":"http:\/\/ipv.salta.gov.ar\/index.php?rest_route=\/wp\/v2\/media\/15339"}],"wp:attachment":[{"href":"http:\/\/ipv.salta.gov.ar\/index.php?rest_route=%2Fwp%2Fv2%2Fmedia&parent=15338"}],"wp:term":[{"taxonomy":"category","embeddable":true,"href":"http:\/\/ipv.salta.gov.ar\/index.php?rest_route=%2Fwp%2Fv2%2Fcategories&post=15338"},{"taxonomy":"post_tag","embeddable":true,"href":"http:\/\/ipv.salta.gov.ar\/index.php?rest_route=%2Fwp%2Fv2%2Ftags&post=15338"}],"curies":[{"name":"wp","href":"https:\/\/api.w.org\/{rel}","templated":true}]}}