{"id":4228,"date":"2013-06-28T15:23:43","date_gmt":"2013-06-28T17:23:43","guid":{"rendered":"http:\/\/ipv.salta.gov.ar\/?p=4228"},"modified":"2013-07-01T09:32:49","modified_gmt":"2013-07-01T11:32:49","slug":"el-ipv-licito-otras-140-viviendas-en-el-interior-provincial","status":"publish","type":"post","link":"http:\/\/ipv.salta.gov.ar\/?p=4228","title":{"rendered":"EL IPV LICIT\u00d3 OTRAS 140 VIVIENDAS EN EL INTERIOR PROVINCIAL"},"content":{"rendered":"<p><strong><a href=\"http:\/\/ipv.salta.gov.ar\/wp-content\/uploads\/2013\/07\/lic-hipol-gonz.jpg\"><img decoding=\"async\" loading=\"lazy\" class=\"alignleft size-medium wp-image-4229\" alt=\"lic hipol-gonz\" src=\"http:\/\/ipv.salta.gov.ar\/wp-content\/uploads\/2013\/07\/lic-hipol-gonz-300x225.jpg\" width=\"300\" height=\"225\" srcset=\"http:\/\/ipv.salta.gov.ar\/wp-content\/uploads\/2013\/07\/lic-hipol-gonz-300x225.jpg 300w, http:\/\/ipv.salta.gov.ar\/wp-content\/uploads\/2013\/07\/lic-hipol-gonz.jpg 400w\" sizes=\"(max-width: 300px) 100vw, 300px\" \/><\/a>Corresponden al programa provincial Techo Digno y se construir\u00e1n en los municipios de Joaqu\u00edn V. Gonz\u00e1lez e Hip\u00f3lito Yrigoyen<\/strong><\/p>\n<p><!--more--><\/p>\n<p>El Instituto Provincial de Vivienda realiz\u00f3 la licitaci\u00f3n para la construcci\u00f3n de 140 viviendas destinadas a los municipios de Joaqu\u00edn V. Gonz\u00e1lez e Hip\u00f3lito Yrigoyen.<\/p>\n<p>Para la construcci\u00f3n de 50 viviendas e infraestructura en Joaqu\u00edn V. Gonz\u00e1lez se present\u00f3 la empresa San Patricio S. A., mientras que para la ejecuci\u00f3n de 90 viviendas e infraestructura en Hip\u00f3lito Yrigoyen fueron 3 los oferentes: Ing. Daniel Madeo Construcciones, Vicente Moncho Construcciones S. R. L. y  Rutas del Norte S.R.L.<\/p>\n<p>Con esta apertura de sobres la Provincia cierra una semana con 582 nuevas viviendas a construir, las cuales se van a sumar  a las m\u00e1s de 4.000 que se encuentran en ejecuci\u00f3n.<\/p>\n<p>Participaron del acto, la escribana del IPV en representaci\u00f3n y por delegaci\u00f3n de facultades de Escriban\u00eda de Gobierno, Norma Arias; el Gerente de Proyectos Vicente Javier Gallipoli, los asistentes profesionales de la Gerencia de Proyectos, Miguel Camponovo y Mar\u00eda P\u00e9rez; la asistente profesional de Gerencia Control de Obras, Graciela Rodr\u00edguez; de la Unidad de la Sindicatura Interna de la Secretar\u00eda de Obras P\u00fablicas, V\u00edctor Zacar\u00edas y representantes de las firmas oferentes.<\/p>\n","protected":false},"excerpt":{"rendered":"<p>Corresponden al programa provincial Techo Digno y se construir\u00e1n en los municipios de Joaqu\u00edn V. Gonz\u00e1lez e Hip\u00f3lito Yrigoyen<\/p>\n","protected":false},"author":3,"featured_media":0,"comment_status":"closed","ping_status":"open","sticky":false,"template":"","format":"standard","meta":{"footnotes":""},"categories":[4],"tags":[],"_links":{"self":[{"href":"http:\/\/ipv.salta.gov.ar\/index.php?rest_route=\/wp\/v2\/posts\/4228"}],"collection":[{"href":"http:\/\/ipv.salta.gov.ar\/index.php?rest_route=\/wp\/v2\/posts"}],"about":[{"href":"http:\/\/ipv.salta.gov.ar\/index.php?rest_route=\/wp\/v2\/types\/post"}],"author":[{"embeddable":true,"href":"http:\/\/ipv.salta.gov.ar\/index.php?rest_route=\/wp\/v2\/users\/3"}],"replies":[{"embeddable":true,"href":"http:\/\/ipv.salta.gov.ar\/index.php?rest_route=%2Fwp%2Fv2%2Fcomments&post=4228"}],"version-history":[{"count":5,"href":"http:\/\/ipv.salta.gov.ar\/index.php?rest_route=\/wp\/v2\/posts\/4228\/revisions"}],"predecessor-version":[{"id":4234,"href":"http:\/\/ipv.salta.gov.ar\/index.php?rest_route=\/wp\/v2\/posts\/4228\/revisions\/4234"}],"wp:attachment":[{"href":"http:\/\/ipv.salta.gov.ar\/index.php?rest_route=%2Fwp%2Fv2%2Fmedia&parent=4228"}],"wp:term":[{"taxonomy":"category","embeddable":true,"href":"http:\/\/ipv.salta.gov.ar\/index.php?rest_route=%2Fwp%2Fv2%2Fcategories&post=4228"},{"taxonomy":"post_tag","embeddable":true,"href":"http:\/\/ipv.salta.gov.ar\/index.php?rest_route=%2Fwp%2Fv2%2Ftags&post=4228"}],"curies":[{"name":"wp","href":"https:\/\/api.w.org\/{rel}","templated":true}]}}