{"id":4235,"date":"2013-06-28T16:33:43","date_gmt":"2013-06-28T18:33:43","guid":{"rendered":"http:\/\/ipv.salta.gov.ar\/?p=4235"},"modified":"2013-07-01T09:37:06","modified_gmt":"2013-07-01T11:37:06","slug":"sesenta-familias-de-metan-se-beneficiaran-con-obras-habitacionales","status":"publish","type":"post","link":"http:\/\/ipv.salta.gov.ar\/?p=4235","title":{"rendered":"SESENTA FAMILIAS DE MET\u00c1N SE BENEFICIAR\u00c1N CON OBRAS HABITACIONALES"},"content":{"rendered":"<p><strong><a href=\"http:\/\/ipv.salta.gov.ar\/wp-content\/uploads\/2013\/07\/conv-metan-mejor-viv.jpg\"><img decoding=\"async\" loading=\"lazy\" class=\"alignleft size-medium wp-image-4236\" alt=\"conv metan mejor viv\" src=\"http:\/\/ipv.salta.gov.ar\/wp-content\/uploads\/2013\/07\/conv-metan-mejor-viv-300x200.jpg\" width=\"300\" height=\"200\" srcset=\"http:\/\/ipv.salta.gov.ar\/wp-content\/uploads\/2013\/07\/conv-metan-mejor-viv-300x200.jpg 300w, http:\/\/ipv.salta.gov.ar\/wp-content\/uploads\/2013\/07\/conv-metan-mejor-viv.jpg 448w\" sizes=\"(max-width: 300px) 100vw, 300px\" \/><\/a>En el municipio de Met\u00e1n el Instituto Provincial de Vivienda construye m\u00e1s de 100 casas destinadas a las familias residentes del lugar. Hoy se firm\u00f3 un convenio para la construcci\u00f3n de 30 viviendas b\u00e1sicas y 30 n\u00facleos h\u00famedos.<\/strong><!--more--><\/p>\n<p>El presidente del IPV, Fernando Alesanco se reuni\u00f3 con el intendente de Met\u00e1n, Fernando Romeri para concretar la firma de un convenio que beneficiar\u00e1 a 60 familias de la localidad.<\/p>\n<p>A trav\u00e9s del acuerdo, se edificar\u00e1 30 viviendas b\u00e1sicas pertenecientes al programa \u201cMejor Vivir II\u201d y 30 n\u00facleos h\u00famedos, en ambos casos se beneficiar\u00e1n familias que tienen un terreno y que por sus escasos recursos econ\u00f3micos no pueden acceder a los tradicionales planes del FONAVI.<\/p>\n<p>Las viviendas, que se financiar\u00e1n con fondos nacionales, contar\u00e1n con un dormitorio, ba\u00f1o, cocina \u2013 comedor y lavadero externo, mientras que los n\u00facleos h\u00famedos se realizar\u00e1n con fondos provinciales y se entregar\u00e1n en forma de subsidio a las familias.<\/p>\n<p>Por su parte, el jefe comunal destac\u00f3 que \u201cse hicieron relevamientos y se cruzaron los datos para corroborar de no haya dobles beneficios; esto es para personas que no tienen posibilidades de hacer o mejorar el lugar donde actualmente viven. Queremos mejorar la calidad de vida a las personas\u201d.<\/p>\n<p>Asimismo, Alesanco dijo que el objetivo de los n\u00facleos h\u00famedos es \u201cerradicar letrinas\u201d y con respecto a las viviendas \u201ces para las familias que tienen una casa precaria, nosotros lo que haremos es construir una vivienda b\u00e1sica, se las ejecutar\u00e1 en terrenos propios o municipales, tienen que tener escritura\u201d y a\u00f1adi\u00f3 \u201cNaci\u00f3n nos autoriz\u00f3 este plan que contempla 500 viviendas para toda la provincia, hicimos un relevamiento, distribuimos en distintas localidades y Met\u00e1n fue una de las beneficiadas\u201d.<\/p>\n","protected":false},"excerpt":{"rendered":"<p>En el municipio de Met\u00e1n el Instituto Provincial de Vivienda construye m\u00e1s de 100 casas destinadas a las familias residentes del lugar. Hoy se firm\u00f3 un convenio para la construcci\u00f3n de 30 viviendas b\u00e1sicas y 30 n\u00facleos h\u00famedos.<\/p>\n","protected":false},"author":3,"featured_media":0,"comment_status":"closed","ping_status":"open","sticky":false,"template":"","format":"standard","meta":{"footnotes":""},"categories":[4],"tags":[],"_links":{"self":[{"href":"http:\/\/ipv.salta.gov.ar\/index.php?rest_route=\/wp\/v2\/posts\/4235"}],"collection":[{"href":"http:\/\/ipv.salta.gov.ar\/index.php?rest_route=\/wp\/v2\/posts"}],"about":[{"href":"http:\/\/ipv.salta.gov.ar\/index.php?rest_route=\/wp\/v2\/types\/post"}],"author":[{"embeddable":true,"href":"http:\/\/ipv.salta.gov.ar\/index.php?rest_route=\/wp\/v2\/users\/3"}],"replies":[{"embeddable":true,"href":"http:\/\/ipv.salta.gov.ar\/index.php?rest_route=%2Fwp%2Fv2%2Fcomments&post=4235"}],"version-history":[{"count":1,"href":"http:\/\/ipv.salta.gov.ar\/index.php?rest_route=\/wp\/v2\/posts\/4235\/revisions"}],"predecessor-version":[{"id":4237,"href":"http:\/\/ipv.salta.gov.ar\/index.php?rest_route=\/wp\/v2\/posts\/4235\/revisions\/4237"}],"wp:attachment":[{"href":"http:\/\/ipv.salta.gov.ar\/index.php?rest_route=%2Fwp%2Fv2%2Fmedia&parent=4235"}],"wp:term":[{"taxonomy":"category","embeddable":true,"href":"http:\/\/ipv.salta.gov.ar\/index.php?rest_route=%2Fwp%2Fv2%2Fcategories&post=4235"},{"taxonomy":"post_tag","embeddable":true,"href":"http:\/\/ipv.salta.gov.ar\/index.php?rest_route=%2Fwp%2Fv2%2Ftags&post=4235"}],"curies":[{"name":"wp","href":"https:\/\/api.w.org\/{rel}","templated":true}]}}