{"id":4240,"date":"2013-07-01T19:24:04","date_gmt":"2013-07-01T21:24:04","guid":{"rendered":"http:\/\/ipv.salta.gov.ar\/?p=4240"},"modified":"2013-07-02T09:27:28","modified_gmt":"2013-07-02T11:27:28","slug":"el-gobierno-de-la-provincia-entrego-53-viviendas-a-trabajadores","status":"publish","type":"post","link":"http:\/\/ipv.salta.gov.ar\/?p=4240","title":{"rendered":"EL GOBIERNO DE LA PROVINCIA ENTREG\u00d3 53 VIVIENDAS A TRABAJADORES"},"content":{"rendered":"<p><strong><a href=\"http:\/\/ipv.salta.gov.ar\/wp-content\/uploads\/2013\/07\/websalta-gobentregaviviendasbarriopostadeyatasto2.jpg\"><img decoding=\"async\" loading=\"lazy\" class=\"alignleft size-medium wp-image-4241\" alt=\"websalta-gobentregaviviendasbarriopostadeyatasto2\" src=\"http:\/\/ipv.salta.gov.ar\/wp-content\/uploads\/2013\/07\/websalta-gobentregaviviendasbarriopostadeyatasto2-300x193.jpg\" width=\"300\" height=\"193\" srcset=\"http:\/\/ipv.salta.gov.ar\/wp-content\/uploads\/2013\/07\/websalta-gobentregaviviendasbarriopostadeyatasto2-300x193.jpg 300w, http:\/\/ipv.salta.gov.ar\/wp-content\/uploads\/2013\/07\/websalta-gobentregaviviendasbarriopostadeyatasto2.jpg 560w\" sizes=\"(max-width: 300px) 100vw, 300px\" \/><\/a>Las casas, ubicadas en la zona norte de Salta capital, forman parte del Programa Federal Plurianual de Construcci\u00f3n de Viviendas. En la oportunidad, Urtubey anunci\u00f3 que est\u00e1 prevista la construcci\u00f3n de otras 4500 casas para este a\u00f1o.<\/strong><!--more--><\/p>\n<p>El gobernador Juan Manuel Urtubey encabez\u00f3 esta tarde el acto de entrega de las casas ubicadas en la zona norte de la ciudad, correspondientes al Programa Federal Plurianual de Construcci\u00f3n de Viviendas denominado \u00ab53 Viviendas Posta de Yatasto, ex Vel\u00f3dromo\u00bb. Las unidades habitacionales pertenecen a un total de 317 viviendas destinadas a familias de trabajadores, a trav\u00e9s de un convenio firmado con el IVt, Instituto de Vivienda de  los Trabajadores.<\/p>\n<p>El acto se realiz\u00f3 en coincidencia con el 39\u00b0 aniversario del fallecimiento del General Juan Domingo Per\u00f3n, por lo que el gobernador Urtubey al entregar las viviendas resalt\u00f3 la figura del expresidente y su compromiso con los trabajadores. \u201cEl mejor homenaje que se le puede hacer al general Per\u00f3n en el aniversario de su muerte, es mediante este tipo de actos. Trabajar por los trabajadores es una manera de construir una sociedad m\u00e1s justa y m\u00e1s inclusiva\u201d, expres\u00f3.<\/p>\n<p>En igual sentido el mandatario se refiri\u00f3 al compromiso de este gobierno en beneficiar a la mayor cantidad de habitantes posibles con casa propia. \u201cEn estos \u00faltimos a\u00f1os hemos aumentado el promedio de construcci\u00f3n de casas en un 50%, lo que significa la entrega de casi 2000 casas por a\u00f1o. Para este a\u00f1o tenemos prevista la construcci\u00f3n de m\u00e1s de 4500 casas m\u00e1s\u201d, asegur\u00f3.<\/p>\n<p>\u201cSabemos que hace falta mucho m\u00e1s para hacer, pero elegimos seguir adelante, siendo parte de un proyecto nacional y popular inclusivo, que trabaja por la gente, contando con el apoyo de la presidenta Cristina Fern\u00e1ndez de Kirchner.  Esta es la \u00fanica forma de hacer realidad  los sue\u00f1os de todos los salte\u00f1os y de construir esa Salta y esa Argentina que todos nos debemos\u201d, concluy\u00f3 Urtubey.<\/p>\n<p>La directora ejecutiva del IVt, Cristina Nieto destac\u00f3 el trabajo del Gobierno de Salta en beneficio de los trabajadores y el proyecto pol\u00edtico del gobernador Urtubey, \u201cde apostar a la inclusi\u00f3n, a las nuevas propuestas y a la realizaci\u00f3n de obras\u201d.<\/p>\n<p>Luego de los discursos las autoridades presentes procedieron a la entrega de las carpetas y llaves de las nuevas casas. Las 53 unidades habitacionales cuentan con estar-comedor, dos dormitorios, cocina, ba\u00f1o y lavadero externo. Adem\u00e1s con los servicios de luz, agua, gas, cord\u00f3n cuneta entre otros. Del total de viviendas, tres est\u00e1n adaptadas para casos de discapacidad.<\/p>\n<p>Tambi\u00e9n participaron el intendente Miguel Isa, el ministro de Seguridad, Eduardo Sylvester, la ministra de Justicia, Mar\u00eda In\u00e9s Diez, el presidente de la C\u00e1mara de Diputados, Manuel Santiago Godoy, el secretario de Obras P\u00fablicas, Sergio Zorpudes, el presidente del IPV, Fernando Alesanco, funcionarios municipales y autoridades del ITV.<\/p>\n","protected":false},"excerpt":{"rendered":"<p>Las casas, ubicadas en la zona norte de Salta capital, forman parte del Programa Federal Plurianual de Construcci\u00f3n de Viviendas. En la oportunidad, Urtubey anunci\u00f3 que est\u00e1 prevista la construcci\u00f3n de otras 4500 casas para este a\u00f1o.<\/p>\n","protected":false},"author":3,"featured_media":0,"comment_status":"closed","ping_status":"open","sticky":false,"template":"","format":"standard","meta":{"footnotes":""},"categories":[4],"tags":[],"_links":{"self":[{"href":"http:\/\/ipv.salta.gov.ar\/index.php?rest_route=\/wp\/v2\/posts\/4240"}],"collection":[{"href":"http:\/\/ipv.salta.gov.ar\/index.php?rest_route=\/wp\/v2\/posts"}],"about":[{"href":"http:\/\/ipv.salta.gov.ar\/index.php?rest_route=\/wp\/v2\/types\/post"}],"author":[{"embeddable":true,"href":"http:\/\/ipv.salta.gov.ar\/index.php?rest_route=\/wp\/v2\/users\/3"}],"replies":[{"embeddable":true,"href":"http:\/\/ipv.salta.gov.ar\/index.php?rest_route=%2Fwp%2Fv2%2Fcomments&post=4240"}],"version-history":[{"count":1,"href":"http:\/\/ipv.salta.gov.ar\/index.php?rest_route=\/wp\/v2\/posts\/4240\/revisions"}],"predecessor-version":[{"id":4242,"href":"http:\/\/ipv.salta.gov.ar\/index.php?rest_route=\/wp\/v2\/posts\/4240\/revisions\/4242"}],"wp:attachment":[{"href":"http:\/\/ipv.salta.gov.ar\/index.php?rest_route=%2Fwp%2Fv2%2Fmedia&parent=4240"}],"wp:term":[{"taxonomy":"category","embeddable":true,"href":"http:\/\/ipv.salta.gov.ar\/index.php?rest_route=%2Fwp%2Fv2%2Fcategories&post=4240"},{"taxonomy":"post_tag","embeddable":true,"href":"http:\/\/ipv.salta.gov.ar\/index.php?rest_route=%2Fwp%2Fv2%2Ftags&post=4240"}],"curies":[{"name":"wp","href":"https:\/\/api.w.org\/{rel}","templated":true}]}}