{"id":4246,"date":"2013-07-03T18:35:57","date_gmt":"2013-07-03T20:35:57","guid":{"rendered":"http:\/\/ipv.salta.gov.ar\/?p=4246"},"modified":"2013-07-04T09:41:25","modified_gmt":"2013-07-04T11:41:25","slug":"el-ipv-construira-10-viviendas-en-el-municipio-de-san-antonio-de-los-cobres","status":"publish","type":"post","link":"http:\/\/ipv.salta.gov.ar\/?p=4246","title":{"rendered":"EL IPV CONSTRUIR\u00c1 10 VIVIENDAS EN EL MUNICIPIO DE SAN ANTONIO DE LOS COBRES"},"content":{"rendered":"<p><a href=\"http:\/\/ipv.salta.gov.ar\/wp-content\/uploads\/2013\/07\/10mi-casa-san-antonio.jpg\"><img decoding=\"async\" loading=\"lazy\" class=\"alignleft size-medium wp-image-4247\" alt=\"10mi casa- san antonio\" src=\"http:\/\/ipv.salta.gov.ar\/wp-content\/uploads\/2013\/07\/10mi-casa-san-antonio-300x200.jpg\" width=\"300\" height=\"200\" srcset=\"http:\/\/ipv.salta.gov.ar\/wp-content\/uploads\/2013\/07\/10mi-casa-san-antonio-300x200.jpg 300w, http:\/\/ipv.salta.gov.ar\/wp-content\/uploads\/2013\/07\/10mi-casa-san-antonio-1024x682.jpg 1024w\" sizes=\"(max-width: 300px) 100vw, 300px\" \/><\/a><strong>Corresponden al programa provincial \u201cMi Casa\u201d y estar\u00e1n destinadas a familias de escasos recursos.<\/strong><\/p>\n<p><!--more--><\/p>\n<p>El presidente del Instituto Provincial de Vivienda, Fernando Alesanco rubric\u00f3 esta ma\u00f1ana, un convenio con el intendente de San Antonio de los Cobres, Leopoldo Salva para la construcci\u00f3n de 10 viviendas del programa \u201cMi Casa\u201d.<\/p>\n<p>Con este tipo de planes se pretende mejorar la calidad de vida de las familias que por sus escasos ingresos, no pueden acceder a los planes tradicionales del FONAVI.<\/p>\n<p>Las unidades se edificar\u00e1n sobre terrenos propios y la mano de obra estar\u00e1 a cargo del municipio, mientras que el IPV se encargar\u00e1 del financiamiento.<\/p>\n<p>Los beneficiarios ser\u00e1n propuestos por la Municipalidad, quienes deber\u00e1n conformar un grupo estable y adem\u00e1s cumplir con las reglamentaciones vigentes del organismo.<\/p>\n<p>Las casas contar\u00e1n con cocina-comedor, dos dormitorios, ba\u00f1o y lavadero.<\/p>\n<p>El titular del IPV, recalc\u00f3 la importancia de este tipo de programas ya que gracias a un trabajo mancomunado entre Provincia y municipios, las familias m\u00e1s necesitadas pueden mejorar su calidad de vida y cumplir el sue\u00f1o de la vivienda propia.<\/p>\n","protected":false},"excerpt":{"rendered":"<p>Corresponden al programa provincial \u201cMi Casa\u201d y estar\u00e1n destinadas a familias de escasos recursos.<\/p>\n","protected":false},"author":3,"featured_media":0,"comment_status":"closed","ping_status":"open","sticky":false,"template":"","format":"standard","meta":{"footnotes":""},"categories":[4],"tags":[],"_links":{"self":[{"href":"http:\/\/ipv.salta.gov.ar\/index.php?rest_route=\/wp\/v2\/posts\/4246"}],"collection":[{"href":"http:\/\/ipv.salta.gov.ar\/index.php?rest_route=\/wp\/v2\/posts"}],"about":[{"href":"http:\/\/ipv.salta.gov.ar\/index.php?rest_route=\/wp\/v2\/types\/post"}],"author":[{"embeddable":true,"href":"http:\/\/ipv.salta.gov.ar\/index.php?rest_route=\/wp\/v2\/users\/3"}],"replies":[{"embeddable":true,"href":"http:\/\/ipv.salta.gov.ar\/index.php?rest_route=%2Fwp%2Fv2%2Fcomments&post=4246"}],"version-history":[{"count":1,"href":"http:\/\/ipv.salta.gov.ar\/index.php?rest_route=\/wp\/v2\/posts\/4246\/revisions"}],"predecessor-version":[{"id":4248,"href":"http:\/\/ipv.salta.gov.ar\/index.php?rest_route=\/wp\/v2\/posts\/4246\/revisions\/4248"}],"wp:attachment":[{"href":"http:\/\/ipv.salta.gov.ar\/index.php?rest_route=%2Fwp%2Fv2%2Fmedia&parent=4246"}],"wp:term":[{"taxonomy":"category","embeddable":true,"href":"http:\/\/ipv.salta.gov.ar\/index.php?rest_route=%2Fwp%2Fv2%2Fcategories&post=4246"},{"taxonomy":"post_tag","embeddable":true,"href":"http:\/\/ipv.salta.gov.ar\/index.php?rest_route=%2Fwp%2Fv2%2Ftags&post=4246"}],"curies":[{"name":"wp","href":"https:\/\/api.w.org\/{rel}","templated":true}]}}