{"id":4255,"date":"2013-07-08T11:10:22","date_gmt":"2013-07-08T13:10:22","guid":{"rendered":"http:\/\/ipv.salta.gov.ar\/?p=4255"},"modified":"2013-07-08T11:10:22","modified_gmt":"2013-07-08T13:10:22","slug":"vecinos-de-hipolito-yrigoyen-se-beneficiaran-con-30-nucleos-humedos","status":"publish","type":"post","link":"http:\/\/ipv.salta.gov.ar\/?p=4255","title":{"rendered":"VECINOS DE HIP\u00d3LITO YRIGOYEN SE BENEFICIAR\u00c1N CON 30 N\u00daCLEOS H\u00daMEDOS"},"content":{"rendered":"<p><a href=\"http:\/\/ipv.salta.gov.ar\/wp-content\/uploads\/2013\/07\/30ba\u00f1os-Hipol-Yrig.jpg\"><img decoding=\"async\" loading=\"lazy\" class=\"alignleft size-medium wp-image-4256\" alt=\"30ba\u00f1os Hipol Yrig\" src=\"http:\/\/ipv.salta.gov.ar\/wp-content\/uploads\/2013\/07\/30ba\u00f1os-Hipol-Yrig-300x172.jpg\" width=\"300\" height=\"172\" srcset=\"http:\/\/ipv.salta.gov.ar\/wp-content\/uploads\/2013\/07\/30ba\u00f1os-Hipol-Yrig-300x172.jpg 300w, http:\/\/ipv.salta.gov.ar\/wp-content\/uploads\/2013\/07\/30ba\u00f1os-Hipol-Yrig-1024x589.jpg 1024w\" sizes=\"(max-width: 300px) 100vw, 300px\" \/><\/a><strong>Ser\u00e1n financiados por la provincia y contribuir\u00e1n con la erradicaci\u00f3n de letrinas.<\/strong><\/p>\n<p><!--more--><\/p>\n<p>El presidente del Instituto Provincial de Vivienda, Fernando Alesanco recibi\u00f3 al intendente de Hip\u00f3lito Yrigoyen, Carlos Gonz\u00e1lez para rubricar un convenio por la construcci\u00f3n de 30 n\u00facleos sanitarios en la localidad.<\/p>\n<p>El acuerdo tiene por finalidad mejorar las condiciones de vida de 30 familias de escasos recursos y contribuir con la erradicaci\u00f3n de letrinas.<\/p>\n<p>Los ba\u00f1os se construir\u00e1n en los terrenos que cuenten con las redes de infraestructura b\u00e1sica (agua y luz) y la mano de obra estar\u00e1 a cargo del municipio, que deber\u00e1 controlar y verificar la correcta ejecuci\u00f3n de los trabajos.<\/p>\n<p>Por otra parte el organismo aportar\u00e1 el financiamiento y controlar\u00e1 que los beneficiarios propuestos por el municipio conformen un grupo familiar estable, entre otros requisitos.<\/p>\n<p>El titular del IPV, expres\u00f3 \u00abseguiremos trabajando para que la ayuda y una soluci\u00f3n habitacional llegue a las familias m\u00e1s necesitadas\u201d<\/p>\n","protected":false},"excerpt":{"rendered":"<p>Ser\u00e1n financiados por la provincia y contribuir\u00e1n con la erradicaci\u00f3n de letrinas.<\/p>\n","protected":false},"author":3,"featured_media":0,"comment_status":"closed","ping_status":"open","sticky":false,"template":"","format":"standard","meta":{"footnotes":""},"categories":[4],"tags":[],"_links":{"self":[{"href":"http:\/\/ipv.salta.gov.ar\/index.php?rest_route=\/wp\/v2\/posts\/4255"}],"collection":[{"href":"http:\/\/ipv.salta.gov.ar\/index.php?rest_route=\/wp\/v2\/posts"}],"about":[{"href":"http:\/\/ipv.salta.gov.ar\/index.php?rest_route=\/wp\/v2\/types\/post"}],"author":[{"embeddable":true,"href":"http:\/\/ipv.salta.gov.ar\/index.php?rest_route=\/wp\/v2\/users\/3"}],"replies":[{"embeddable":true,"href":"http:\/\/ipv.salta.gov.ar\/index.php?rest_route=%2Fwp%2Fv2%2Fcomments&post=4255"}],"version-history":[{"count":1,"href":"http:\/\/ipv.salta.gov.ar\/index.php?rest_route=\/wp\/v2\/posts\/4255\/revisions"}],"predecessor-version":[{"id":4257,"href":"http:\/\/ipv.salta.gov.ar\/index.php?rest_route=\/wp\/v2\/posts\/4255\/revisions\/4257"}],"wp:attachment":[{"href":"http:\/\/ipv.salta.gov.ar\/index.php?rest_route=%2Fwp%2Fv2%2Fmedia&parent=4255"}],"wp:term":[{"taxonomy":"category","embeddable":true,"href":"http:\/\/ipv.salta.gov.ar\/index.php?rest_route=%2Fwp%2Fv2%2Fcategories&post=4255"},{"taxonomy":"post_tag","embeddable":true,"href":"http:\/\/ipv.salta.gov.ar\/index.php?rest_route=%2Fwp%2Fv2%2Ftags&post=4255"}],"curies":[{"name":"wp","href":"https:\/\/api.w.org\/{rel}","templated":true}]}}