{"id":4258,"date":"2013-07-08T16:44:28","date_gmt":"2013-07-08T18:44:28","guid":{"rendered":"http:\/\/ipv.salta.gov.ar\/?p=4258"},"modified":"2013-07-10T09:52:12","modified_gmt":"2013-07-10T11:52:12","slug":"avanza-la-obra-de-delimitacion-de-uso-vehicular-en-los-monoambientes","status":"publish","type":"post","link":"http:\/\/ipv.salta.gov.ar\/?p=4258","title":{"rendered":"AVANZA LA OBRA DE DELIMITACI\u00d3N DE USO VEHICULAR EN LOS MONOAMBIENTES"},"content":{"rendered":"<p><a href=\"http:\/\/ipv.salta.gov.ar\/wp-content\/uploads\/2013\/07\/espacio-vehic-monos-2.jpg\"><img decoding=\"async\" loading=\"lazy\" class=\"alignleft size-medium wp-image-4259\" alt=\"espacio vehic- monos 2\" src=\"http:\/\/ipv.salta.gov.ar\/wp-content\/uploads\/2013\/07\/espacio-vehic-monos-2-300x225.jpg\" width=\"300\" height=\"225\" srcset=\"http:\/\/ipv.salta.gov.ar\/wp-content\/uploads\/2013\/07\/espacio-vehic-monos-2-300x225.jpg 300w, http:\/\/ipv.salta.gov.ar\/wp-content\/uploads\/2013\/07\/espacio-vehic-monos-2-1024x770.jpg 1024w\" sizes=\"(max-width: 300px) 100vw, 300px\" \/><\/a><strong>Se trata de los espacios que ser\u00e1n destinados al estacionamiento de los 1.008 monoambientes ubicados en la zona Norte de la ciudad.<\/strong><\/p>\n<p><!--more--><\/p>\n<p>El Instituto Provincial de Vivienda lleva adelante las obras de delimitaci\u00f3n de espacios vehiculares en los monoambientes, ubicados en la zona de El Huayco. Cada lugar contar\u00e1 con 2,50 metros de ancho. Los trabajos avanzan a buen ritmo.<\/p>\n<p>Luego de haber concluido con las tareas de relevamiento topogr\u00e1fico, se dio inicio al movimiento de suelo que consta de la nivelaci\u00f3n y terraplenamiento de los espacios. Posteriormente y con el fin de poder delimitar el uso vehicular del peatonal, se ejecutar\u00e1n los cordones cunetas.<\/p>\n<p>Cabe destacar que la obra se encar\u00f3 con el objeto de se\u00f1alizar y organizar el espacio para estacionamiento. Desde el organismo se recuerda a aquellos adjudicatarios que realizaron construcciones sin autorizaci\u00f3n alguna, que deben levantarlas para permitir el correcto desarrollo de los trabajos por parte del IPV y no perjudicar a los dem\u00e1s propietarios.<\/p>\n<p>El titular del IPV, Fernando Alesanco manifest\u00f3 que \u00abla obra avanza a buen ritmo y que pr\u00f3ximamente los j\u00f3venes adjudicatarios del Plan Mi Primera Vivienda podr\u00e1n hacer uso de los espacios vehiculares\u00bb.<\/p>\n","protected":false},"excerpt":{"rendered":"<p>Se trata de los espacios que ser\u00e1n destinados al estacionamiento de los 1.008 monoambientes ubicados en la zona Norte de la ciudad.<\/p>\n","protected":false},"author":3,"featured_media":0,"comment_status":"closed","ping_status":"open","sticky":false,"template":"","format":"standard","meta":{"footnotes":""},"categories":[4],"tags":[],"_links":{"self":[{"href":"http:\/\/ipv.salta.gov.ar\/index.php?rest_route=\/wp\/v2\/posts\/4258"}],"collection":[{"href":"http:\/\/ipv.salta.gov.ar\/index.php?rest_route=\/wp\/v2\/posts"}],"about":[{"href":"http:\/\/ipv.salta.gov.ar\/index.php?rest_route=\/wp\/v2\/types\/post"}],"author":[{"embeddable":true,"href":"http:\/\/ipv.salta.gov.ar\/index.php?rest_route=\/wp\/v2\/users\/3"}],"replies":[{"embeddable":true,"href":"http:\/\/ipv.salta.gov.ar\/index.php?rest_route=%2Fwp%2Fv2%2Fcomments&post=4258"}],"version-history":[{"count":2,"href":"http:\/\/ipv.salta.gov.ar\/index.php?rest_route=\/wp\/v2\/posts\/4258\/revisions"}],"predecessor-version":[{"id":4261,"href":"http:\/\/ipv.salta.gov.ar\/index.php?rest_route=\/wp\/v2\/posts\/4258\/revisions\/4261"}],"wp:attachment":[{"href":"http:\/\/ipv.salta.gov.ar\/index.php?rest_route=%2Fwp%2Fv2%2Fmedia&parent=4258"}],"wp:term":[{"taxonomy":"category","embeddable":true,"href":"http:\/\/ipv.salta.gov.ar\/index.php?rest_route=%2Fwp%2Fv2%2Fcategories&post=4258"},{"taxonomy":"post_tag","embeddable":true,"href":"http:\/\/ipv.salta.gov.ar\/index.php?rest_route=%2Fwp%2Fv2%2Ftags&post=4258"}],"curies":[{"name":"wp","href":"https:\/\/api.w.org\/{rel}","templated":true}]}}