{"id":4262,"date":"2013-07-11T20:29:01","date_gmt":"2013-07-11T22:29:01","guid":{"rendered":"http:\/\/ipv.salta.gov.ar\/?p=4262"},"modified":"2013-07-12T09:31:51","modified_gmt":"2013-07-12T11:31:51","slug":"mas-viviendas-para-oran","status":"publish","type":"post","link":"http:\/\/ipv.salta.gov.ar\/?p=4262","title":{"rendered":"M\u00c1S VIVIENDAS PARA OR\u00c1N"},"content":{"rendered":"<p><a href=\"http:\/\/ipv.salta.gov.ar\/wp-content\/uploads\/2013\/07\/mejor-viv-oran.jpg\"><img decoding=\"async\" loading=\"lazy\" class=\"alignleft size-medium wp-image-4263\" alt=\"mejor viv-oran\" src=\"http:\/\/ipv.salta.gov.ar\/wp-content\/uploads\/2013\/07\/mejor-viv-oran-300x200.jpg\" width=\"300\" height=\"200\" srcset=\"http:\/\/ipv.salta.gov.ar\/wp-content\/uploads\/2013\/07\/mejor-viv-oran-300x200.jpg 300w, http:\/\/ipv.salta.gov.ar\/wp-content\/uploads\/2013\/07\/mejor-viv-oran.jpg 448w\" sizes=\"(max-width: 300px) 100vw, 300px\" \/><\/a><strong>El Instituto Provincial de Vivienda tiene en ejecuci\u00f3n, numerosas viviendas en la localidad de Or\u00e1n, a las que se les sumar\u00e1n otras 50 del programa Mejor Vivir II.<\/strong><\/p>\n<p><!--more--><\/p>\n<p>El presidente del IPV, Fernando Alesanco firm\u00f3 un convenio con el intendente de Or\u00e1n, Marcelo Lara Gros para construir 50 viviendas pertenecientes al plan federal Mejor Vivir II, destinadas a familias de escasos recursos econ\u00f3micos y que cuentan con un terreno con los servicios b\u00e1sicos.<\/p>\n<p>Durante el acto, Alesanco destac\u00f3 la importante intervenci\u00f3n del organismo en el municipio y expres\u00f3 que \u00abseguiremos gestionando viviendas para las familias del norte de la provincia, esta es una localidad que estuvo olvidada por d\u00e9cadas, por eso queremos darles un presente digno y con miras al futuro\u00bb.<\/p>\n<p>Las viviendas contar\u00e1n con un dormitorio, cocina -comedor, ba\u00f1o y lavadero externo.<\/p>\n<p>Alesanco agreg\u00f3 \u00abadem\u00e1s de estas 50 viviendas, que esperamos que la construcci\u00f3n empiece lo m\u00e1s r\u00e1pido posible, hemos licitado hace dos semanas 81 viviendas m\u00e1s. Que los oranenses no tengan dudas que seguiremos trabajando para que cada familia cumpla su sue\u00f1o de tener su casa propia\u00bb, finaliz\u00f3.<\/p>\n","protected":false},"excerpt":{"rendered":"<p>El Instituto Provincial de Vivienda tiene en ejecuci\u00f3n, numerosas viviendas en la localidad de Or\u00e1n, a las que se les sumar\u00e1n otras 50 del programa Mejor Vivir II.<\/p>\n","protected":false},"author":3,"featured_media":0,"comment_status":"closed","ping_status":"open","sticky":false,"template":"","format":"standard","meta":{"footnotes":""},"categories":[4],"tags":[],"_links":{"self":[{"href":"http:\/\/ipv.salta.gov.ar\/index.php?rest_route=\/wp\/v2\/posts\/4262"}],"collection":[{"href":"http:\/\/ipv.salta.gov.ar\/index.php?rest_route=\/wp\/v2\/posts"}],"about":[{"href":"http:\/\/ipv.salta.gov.ar\/index.php?rest_route=\/wp\/v2\/types\/post"}],"author":[{"embeddable":true,"href":"http:\/\/ipv.salta.gov.ar\/index.php?rest_route=\/wp\/v2\/users\/3"}],"replies":[{"embeddable":true,"href":"http:\/\/ipv.salta.gov.ar\/index.php?rest_route=%2Fwp%2Fv2%2Fcomments&post=4262"}],"version-history":[{"count":2,"href":"http:\/\/ipv.salta.gov.ar\/index.php?rest_route=\/wp\/v2\/posts\/4262\/revisions"}],"predecessor-version":[{"id":4265,"href":"http:\/\/ipv.salta.gov.ar\/index.php?rest_route=\/wp\/v2\/posts\/4262\/revisions\/4265"}],"wp:attachment":[{"href":"http:\/\/ipv.salta.gov.ar\/index.php?rest_route=%2Fwp%2Fv2%2Fmedia&parent=4262"}],"wp:term":[{"taxonomy":"category","embeddable":true,"href":"http:\/\/ipv.salta.gov.ar\/index.php?rest_route=%2Fwp%2Fv2%2Fcategories&post=4262"},{"taxonomy":"post_tag","embeddable":true,"href":"http:\/\/ipv.salta.gov.ar\/index.php?rest_route=%2Fwp%2Fv2%2Ftags&post=4262"}],"curies":[{"name":"wp","href":"https:\/\/api.w.org\/{rel}","templated":true}]}}