{"id":4266,"date":"2013-07-12T13:20:38","date_gmt":"2013-07-12T15:20:38","guid":{"rendered":"http:\/\/ipv.salta.gov.ar\/?p=4266"},"modified":"2013-07-12T13:20:38","modified_gmt":"2013-07-12T15:20:38","slug":"en-oran-el-ipv-construye-229-viviendas-y-en-un-mes-seran-360-en-ejecucion","status":"publish","type":"post","link":"http:\/\/ipv.salta.gov.ar\/?p=4266","title":{"rendered":"EN OR\u00c1N EL IPV CONSTRUYE 229 VIVIENDAS Y EN UN MES SER\u00c1N 360 EN EJECUCI\u00d3N"},"content":{"rendered":"<p><a href=\"http:\/\/ipv.salta.gov.ar\/wp-content\/uploads\/2013\/07\/websalta-obras-publicas-12-de-julio.jpg\"><img decoding=\"async\" loading=\"lazy\" class=\"alignleft size-medium wp-image-4267\" alt=\"websalta-obras-publicas-12-de-julio\" src=\"http:\/\/ipv.salta.gov.ar\/wp-content\/uploads\/2013\/07\/websalta-obras-publicas-12-de-julio-300x193.jpg\" width=\"300\" height=\"193\" srcset=\"http:\/\/ipv.salta.gov.ar\/wp-content\/uploads\/2013\/07\/websalta-obras-publicas-12-de-julio-300x193.jpg 300w, http:\/\/ipv.salta.gov.ar\/wp-content\/uploads\/2013\/07\/websalta-obras-publicas-12-de-julio.jpg 560w\" sizes=\"(max-width: 300px) 100vw, 300px\" \/><\/a><strong>Ciento treinta y un nuevas viviendas se comenzar\u00e1n a construir en el municipio de Or\u00e1n por medio del Instituto Provincial de Vivienda. All\u00ed el presidente del IPV Fernando Alesanco verific\u00f3 el estado de obras de Plan Techo Digno que est\u00e1n en ejecuci\u00f3n.<\/strong><\/p>\n<p><!--more--><\/p>\n<p>Un total de 131 viviendas se est\u00e1n por empezar a construir en el municipio de Or\u00e1n por medio del Instituto Provincial de Vivienda (IPV). Estas se sumar\u00e1n a las 229 unidades habitacionales de planes nacionales y provinciales que se encuentran en ejecuci\u00f3n.<\/p>\n<p>En la oportunidad, el presidente del IPV Fernando Alesanco, en el municipio de Or\u00e1n verific\u00f3 el estado de obra de 100 viviendas pertenecientes al Plan Nacional \u201cTecho Digno\u201d. Las mimas se encuentran ubicadas en un predio a la entrada de la localidad.<\/p>\n<p>Las viviendas presentan un avance f\u00edsico del 15% y contar\u00e1n con, dos dormitorios, ba\u00f1o, cocina, estar \u2013 comedor y lavadero externo. Del total de las casas, 5 se encuentran adaptadas para personas con capacidades diferentes.<\/p>\n<p>Durante la visita, Alesanco manifest\u00f3 que \u201cnuestro objetivo es dignificar a las familias y brindarles herramientas de crecimiento, por eso trabajamos los 365 d\u00edas del a\u00f1o. Entendemos que el acceso a una vivienda es uno de los pilares fundamentales para sentar las bases de un hogar. Dentro de un mes en Or\u00e1n tendremos 360 viviendas nuevas en ejecuci\u00f3n, lo que refleja el compromiso que tenemos con los vecinos del norte\u201d.<\/p>\n<p>&nbsp;<\/p>\n","protected":false},"excerpt":{"rendered":"<p>Ciento treinta y un nuevas viviendas se comenzar\u00e1n a construir en el municipio de Or\u00e1n por medio del Instituto Provincial de Vivienda. All\u00ed el presidente del IPV Fernando Alesanco verific\u00f3 el estado de obras de Plan Techo Digno que est\u00e1n en ejecuci\u00f3n.<\/p>\n","protected":false},"author":3,"featured_media":0,"comment_status":"closed","ping_status":"open","sticky":false,"template":"","format":"standard","meta":{"footnotes":""},"categories":[4],"tags":[],"_links":{"self":[{"href":"http:\/\/ipv.salta.gov.ar\/index.php?rest_route=\/wp\/v2\/posts\/4266"}],"collection":[{"href":"http:\/\/ipv.salta.gov.ar\/index.php?rest_route=\/wp\/v2\/posts"}],"about":[{"href":"http:\/\/ipv.salta.gov.ar\/index.php?rest_route=\/wp\/v2\/types\/post"}],"author":[{"embeddable":true,"href":"http:\/\/ipv.salta.gov.ar\/index.php?rest_route=\/wp\/v2\/users\/3"}],"replies":[{"embeddable":true,"href":"http:\/\/ipv.salta.gov.ar\/index.php?rest_route=%2Fwp%2Fv2%2Fcomments&post=4266"}],"version-history":[{"count":2,"href":"http:\/\/ipv.salta.gov.ar\/index.php?rest_route=\/wp\/v2\/posts\/4266\/revisions"}],"predecessor-version":[{"id":4269,"href":"http:\/\/ipv.salta.gov.ar\/index.php?rest_route=\/wp\/v2\/posts\/4266\/revisions\/4269"}],"wp:attachment":[{"href":"http:\/\/ipv.salta.gov.ar\/index.php?rest_route=%2Fwp%2Fv2%2Fmedia&parent=4266"}],"wp:term":[{"taxonomy":"category","embeddable":true,"href":"http:\/\/ipv.salta.gov.ar\/index.php?rest_route=%2Fwp%2Fv2%2Fcategories&post=4266"},{"taxonomy":"post_tag","embeddable":true,"href":"http:\/\/ipv.salta.gov.ar\/index.php?rest_route=%2Fwp%2Fv2%2Ftags&post=4266"}],"curies":[{"name":"wp","href":"https:\/\/api.w.org\/{rel}","templated":true}]}}