{"id":4273,"date":"2013-07-13T15:43:01","date_gmt":"2013-07-13T17:43:01","guid":{"rendered":"http:\/\/ipv.salta.gov.ar\/?p=4273"},"modified":"2013-07-15T09:46:04","modified_gmt":"2013-07-15T11:46:04","slug":"el-gobernador-entrego-viviendas-a-82-familias-del-barrio-mirasoles","status":"publish","type":"post","link":"http:\/\/ipv.salta.gov.ar\/?p=4273","title":{"rendered":"EL GOBERNADOR ENTREG\u00d3 VIVIENDAS A 82 FAMILIAS DEL BARRIO MIRASOLES"},"content":{"rendered":"<p><a href=\"http:\/\/ipv.salta.gov.ar\/wp-content\/uploads\/2013\/07\/web-gob-entrega-viviendas-mirasol82.jpg\"><img decoding=\"async\" loading=\"lazy\" class=\"alignleft size-medium wp-image-4274\" alt=\"web-gob-entrega-viviendas-mirasol82\" src=\"http:\/\/ipv.salta.gov.ar\/wp-content\/uploads\/2013\/07\/web-gob-entrega-viviendas-mirasol82-300x193.jpg\" width=\"300\" height=\"193\" srcset=\"http:\/\/ipv.salta.gov.ar\/wp-content\/uploads\/2013\/07\/web-gob-entrega-viviendas-mirasol82-300x193.jpg 300w, http:\/\/ipv.salta.gov.ar\/wp-content\/uploads\/2013\/07\/web-gob-entrega-viviendas-mirasol82.jpg 560w\" sizes=\"(max-width: 300px) 100vw, 300px\" \/><\/a><strong>Corresponden a la segunda etapa de este barrio donde vivir\u00e1n 624 familias salte\u00f1as. Contin\u00faa la edificaci\u00f3n de las pr\u00f3ximas etapas, que se ir\u00e1n entregando en forma progresiva a medida que finalicen los trabajos.<\/strong><\/p>\n<p><!--more--><\/p>\n<p>Este mediod\u00eda 82 familias recibieron las llaves y carpetas t\u00e9cnicas de las viviendas pertenecientes a la segunda etapa del barrio Mirasoles, ubicado en la zona norte de Capital. El acto de entrega a los beneficiarios fue encabezado por el gobernador Juan Manuel Urtubey quien destac\u00f3 que desde un promedio anual de 1.300 casas edificadas en 2007, se pas\u00f3 este a\u00f1o a tener un frente de obra de 4.500 nuevas viviendas en todo el territorio.<\/p>\n<p>&nbsp;<\/p>\n<p>\u201cMuchas familias esperaron durante mucho tiempo, mucho m\u00e1s de los que tengo en el Gobierno de Salta, pero me hago cargo de esta responsabilidad. Hay todav\u00eda miles de salte\u00f1os que esperan por su casa y por eso estamos haciendo una gran inversi\u00f3n en materia de viviendas\u201d. El mandatario tambi\u00e9n les pidi\u00f3 a los adjudicatarios que cumplan con el pago de las cuotas, para que m\u00e1s familias accedan al mismo beneficio.<\/p>\n<p>&nbsp;<\/p>\n<p>Urtubey tambi\u00e9n opin\u00f3 que \u201ca veces se pueden cometer errores, pero es importante avanzar para que nuestra gente tenga soluciones. Queremos elevar el piso de derecho\u201d.<\/p>\n<p>&nbsp;<\/p>\n<p>En Mirasoles ser\u00e1n en total 624 viviendas cuando todo el barrio est\u00e9 terminado. Junto a El Huayco y el sector de monoambientes, conformar\u00e1n una de las zonas m\u00e1s pobladas de la ciudad de Salta y mejor urbanizadas. Tambi\u00e9n participaron en el acto, el presidente de la C\u00e1mara de Diputados, Manuel Santiago Godoy; la diputada nacional Cristina Fiore; el presidente del IPV, Fernando Alesanco; el coordinador de Procrear en Salta, Gonzalo Quilodr\u00e1n; y el exdirector del Fondo de Reparaci\u00f3n Hist\u00f3rica, Rodolfo Urtubey.<\/p>\n","protected":false},"excerpt":{"rendered":"<p>Corresponden a la segunda etapa de este barrio donde vivir\u00e1n 624 familias salte\u00f1as. Contin\u00faa la edificaci\u00f3n de las pr\u00f3ximas etapas, que se ir\u00e1n entregando en forma progresiva a medida que finalicen los trabajos.<\/p>\n","protected":false},"author":3,"featured_media":0,"comment_status":"closed","ping_status":"open","sticky":false,"template":"","format":"standard","meta":{"footnotes":""},"categories":[4],"tags":[],"_links":{"self":[{"href":"http:\/\/ipv.salta.gov.ar\/index.php?rest_route=\/wp\/v2\/posts\/4273"}],"collection":[{"href":"http:\/\/ipv.salta.gov.ar\/index.php?rest_route=\/wp\/v2\/posts"}],"about":[{"href":"http:\/\/ipv.salta.gov.ar\/index.php?rest_route=\/wp\/v2\/types\/post"}],"author":[{"embeddable":true,"href":"http:\/\/ipv.salta.gov.ar\/index.php?rest_route=\/wp\/v2\/users\/3"}],"replies":[{"embeddable":true,"href":"http:\/\/ipv.salta.gov.ar\/index.php?rest_route=%2Fwp%2Fv2%2Fcomments&post=4273"}],"version-history":[{"count":2,"href":"http:\/\/ipv.salta.gov.ar\/index.php?rest_route=\/wp\/v2\/posts\/4273\/revisions"}],"predecessor-version":[{"id":4276,"href":"http:\/\/ipv.salta.gov.ar\/index.php?rest_route=\/wp\/v2\/posts\/4273\/revisions\/4276"}],"wp:attachment":[{"href":"http:\/\/ipv.salta.gov.ar\/index.php?rest_route=%2Fwp%2Fv2%2Fmedia&parent=4273"}],"wp:term":[{"taxonomy":"category","embeddable":true,"href":"http:\/\/ipv.salta.gov.ar\/index.php?rest_route=%2Fwp%2Fv2%2Fcategories&post=4273"},{"taxonomy":"post_tag","embeddable":true,"href":"http:\/\/ipv.salta.gov.ar\/index.php?rest_route=%2Fwp%2Fv2%2Ftags&post=4273"}],"curies":[{"name":"wp","href":"https:\/\/api.w.org\/{rel}","templated":true}]}}