{"id":4277,"date":"2013-07-15T20:17:49","date_gmt":"2013-07-15T22:17:49","guid":{"rendered":"http:\/\/ipv.salta.gov.ar\/?p=4277"},"modified":"2013-07-16T09:19:37","modified_gmt":"2013-07-16T11:19:37","slug":"este-ano-hemos-duplicado-la-cantidad-de-casas-construidas-dijo-urtubey-en-barrio-los-alerces","status":"publish","type":"post","link":"http:\/\/ipv.salta.gov.ar\/?p=4277","title":{"rendered":"\u201cESTE A\u00d1O HEMOS DUPLICADO LA CANTIDAD DE CASAS CONSTRUIDAS\u201d, DIJO URTUBEY EN BARRIO LOS ALERCES"},"content":{"rendered":"<p><a href=\"http:\/\/ipv.salta.gov.ar\/wp-content\/uploads\/2013\/07\/gobentregacasasblosalerces5.jpg\"><img decoding=\"async\" loading=\"lazy\" class=\"alignleft size-medium wp-image-4278\" alt=\"gobentregacasasblosalerces5\" src=\"http:\/\/ipv.salta.gov.ar\/wp-content\/uploads\/2013\/07\/gobentregacasasblosalerces5-300x193.jpg\" width=\"300\" height=\"193\" srcset=\"http:\/\/ipv.salta.gov.ar\/wp-content\/uploads\/2013\/07\/gobentregacasasblosalerces5-300x193.jpg 300w, http:\/\/ipv.salta.gov.ar\/wp-content\/uploads\/2013\/07\/gobentregacasasblosalerces5.jpg 560w\" sizes=\"(max-width: 300px) 100vw, 300px\" \/><\/a><strong>La nueva urbanizaci\u00f3n est\u00e1 ubicada en la zona sur de la ciudad y las viviendas fueron destinadas en su mayor\u00eda a profesores de Educaci\u00f3n F\u00edsica.<\/strong><\/p>\n<p><!--more--><\/p>\n<p>El gobernador Juan Manuel Urtubey encabez\u00f3 esta tarde la entrega de 50 viviendas en Barrio Los Alerces, correspondientes al Plan Federal Plurianual de Construcci\u00f3n. Las mismas fueron  destinadas en su mayor\u00eda a profesores de Educaci\u00f3n F\u00edsica, ya que surgen a partir de un convenio entre el Instituto Provincial de la Vivienda y el Colegio de Profesores de Educaci\u00f3n F\u00edsica.<\/p>\n<p>En la ocasi\u00f3n el mandatario salte\u00f1o  se refiri\u00f3 al aumento progresivo en la construcci\u00f3n de viviendas destinadas a los habitantes de Salta durante su gesti\u00f3n. \u201cEste a\u00f1o hemos duplicado la cantidad de casas construidas, hemos llegado a las 4500, duplicando el promedio que durante 2012 fue de 2100 casas\u201d, expres\u00f3.<\/p>\n<p>Urtubey destac\u00f3 adem\u00e1s la importancia que tiene para el Gobierno trabajar en el cuidado de cada familia, en pos de una mejor construcci\u00f3n de la sociedad. \u201cCada casa entregada significa la posibilidad de un nuevo comienzo para cada familia. Como Gobierno, con la construcci\u00f3n de m\u00e1s casas estamos generando el marco y la contenci\u00f3n de cada familia, pero lo importante no son las paredes sino a quienes cobija\u201d, agreg\u00f3.<\/p>\n<p>\u201cDe esta forma vamos a seguir construyendo una Salta m\u00e1s justa, con mejor futuro y mayor inclusi\u00f3n, siempre de la mano y contando con el acompa\u00f1amiento del gobierno de Cristina Fern\u00e1ndez de Kirchner\u201d, finaliz\u00f3.<\/p>\n<p>El intendente capitalino Miguel Isa, por su parte, resalt\u00f3 la importancia del cumplimiento de pago de cuotas lo cual permitir\u00e1 que el sistema de entrega de casas beneficie cada vez a m\u00e1s personas. Felicit\u00f3 adem\u00e1s a los nuevos adjudicatarios, \u201ccon quienes hoy compartimos la alegr\u00eda de que ya cuenten con techo propio\u201d.<\/p>\n<p>Luego de los discursos las autoridades procedieron a la entrega de llaves y carpetas t\u00e9cnicas y al corte de cinta inaugural.<\/p>\n<p>Tambi\u00e9n participaron el presidente de la C\u00e1mara de Diputados, Manuel Santiago Godoy, la ministra de Justicia, Mar\u00eda In\u00e9s Diez, el ministro de Trabajo, Eduardo Costello, el ministro de Salud, Enrique Heredia, el secretario de Obras P\u00fablicas, Sergio Zorpudes, el presidente del IPV, Fernando Alesanco, funcionarios provinciales y autoridades municipales.<\/p>\n","protected":false},"excerpt":{"rendered":"<p>La nueva urbanizaci\u00f3n est\u00e1 ubicada en la zona sur de la ciudad y las viviendas fueron destinadas en su mayor\u00eda a profesores de Educaci\u00f3n F\u00edsica.<\/p>\n","protected":false},"author":3,"featured_media":0,"comment_status":"closed","ping_status":"open","sticky":false,"template":"","format":"standard","meta":{"footnotes":""},"categories":[4],"tags":[],"_links":{"self":[{"href":"http:\/\/ipv.salta.gov.ar\/index.php?rest_route=\/wp\/v2\/posts\/4277"}],"collection":[{"href":"http:\/\/ipv.salta.gov.ar\/index.php?rest_route=\/wp\/v2\/posts"}],"about":[{"href":"http:\/\/ipv.salta.gov.ar\/index.php?rest_route=\/wp\/v2\/types\/post"}],"author":[{"embeddable":true,"href":"http:\/\/ipv.salta.gov.ar\/index.php?rest_route=\/wp\/v2\/users\/3"}],"replies":[{"embeddable":true,"href":"http:\/\/ipv.salta.gov.ar\/index.php?rest_route=%2Fwp%2Fv2%2Fcomments&post=4277"}],"version-history":[{"count":1,"href":"http:\/\/ipv.salta.gov.ar\/index.php?rest_route=\/wp\/v2\/posts\/4277\/revisions"}],"predecessor-version":[{"id":4279,"href":"http:\/\/ipv.salta.gov.ar\/index.php?rest_route=\/wp\/v2\/posts\/4277\/revisions\/4279"}],"wp:attachment":[{"href":"http:\/\/ipv.salta.gov.ar\/index.php?rest_route=%2Fwp%2Fv2%2Fmedia&parent=4277"}],"wp:term":[{"taxonomy":"category","embeddable":true,"href":"http:\/\/ipv.salta.gov.ar\/index.php?rest_route=%2Fwp%2Fv2%2Fcategories&post=4277"},{"taxonomy":"post_tag","embeddable":true,"href":"http:\/\/ipv.salta.gov.ar\/index.php?rest_route=%2Fwp%2Fv2%2Ftags&post=4277"}],"curies":[{"name":"wp","href":"https:\/\/api.w.org\/{rel}","templated":true}]}}