{"id":4283,"date":"2013-07-17T16:18:06","date_gmt":"2013-07-17T18:18:06","guid":{"rendered":"http:\/\/ipv.salta.gov.ar\/?p=4283"},"modified":"2013-07-18T10:21:49","modified_gmt":"2013-07-18T12:21:49","slug":"se-suscribio-convenio-para-facilitar-a-beneficiarios-la-construccion-de-viviendas-del-programa-procrear","status":"publish","type":"post","link":"http:\/\/ipv.salta.gov.ar\/?p=4283","title":{"rendered":"SE SUSCRIBI\u00d3 CONVENIO PARA FACILITAR A BENEFICIARIOS LA CONSTRUCCI\u00d3N DE VIVIENDAS DEL PROGRAMA PROCREAR"},"content":{"rendered":"<p><a href=\"http:\/\/ipv.salta.gov.ar\/wp-content\/uploads\/2013\/07\/procrear1.jpg\"><img decoding=\"async\" loading=\"lazy\" class=\"alignleft size-medium wp-image-4284\" alt=\"procrear(1)\" src=\"http:\/\/ipv.salta.gov.ar\/wp-content\/uploads\/2013\/07\/procrear1-300x193.jpg\" width=\"300\" height=\"193\" srcset=\"http:\/\/ipv.salta.gov.ar\/wp-content\/uploads\/2013\/07\/procrear1-300x193.jpg 300w, http:\/\/ipv.salta.gov.ar\/wp-content\/uploads\/2013\/07\/procrear1.jpg 560w\" sizes=\"(max-width: 300px) 100vw, 300px\" \/><\/a><strong>A trav\u00e9s del acuerdo la municipalidad de Salta agilizar\u00e1 los tr\u00e1mites de los beneficiarios de Procrear para la construcci\u00f3n de viviendas, a fin de obtener la aprobaci\u00f3n de planos, la autorizaci\u00f3n de construcci\u00f3n y el reacomodamiento de zonificaci\u00f3n.<\/strong><\/p>\n<p><!--more--><\/p>\n<p>El coordinador del programa Procrear en Salta, Gonzalo Quilodr\u00e1n, firm\u00f3 un convenio con el intendente capitalino Miguel Isa, a trav\u00e9s del cual el Gobierno de la Ciudad agilizar\u00e1 los tr\u00e1mites que hayan iniciado o inicien los beneficiarios de este plan para la construcci\u00f3n de viviendas, a fin de obtener la aprobaci\u00f3n de planos, la autorizaci\u00f3n de construcci\u00f3n y el reacomodamiento de zonificaci\u00f3n.<\/p>\n<p>El municipio tambi\u00e9n se comprometi\u00f3 a trabajar para procurar las condiciones jur\u00eddicas y f\u00e1cticas para que se realicen las obras necesarias y dotar a las construcciones que se ejecuten bajo el programa Procrear, de los servicios de agua, gas natural y alumbrado p\u00fablico.<\/p>\n<p>Quilodr\u00e1n agradeci\u00f3 la predisposici\u00f3n del intendente Miguel Isa y su gabinete para concretar la firma de este convenio. \u201cEste es el \u00faltimo paso administrativo que cumplimos antes de iniciar el proceso de licitaci\u00f3n para la construcci\u00f3n de los n\u00facleos habitaciones en los terrenos que dispuso el Gobierno de la Provincia\u201d, expres\u00f3.<\/p>\n<p>Destac\u00f3 que  \u201ceste acto sintetiza lo que permanentemente nos pide el Gobernador Urtubey, que es trabajar todos juntos como un gran equipo, Naci\u00f3n, Provincia y Municipio, para solucionar los problemas habitacionales de la gente\u201d.<\/p>\n<p>El intendente Miguel Isa expres\u00f3  que el Gobierno de la Ciudad aportar\u00e1 todos los esfuerzos que sean necesarios para seguir sumando beneficios a la gente. \u201cEstamos generando nuevas articulaciones para que m\u00e1s salte\u00f1os puedan ingresar el programa. De esta manera acercamos a la gente las posibilidades de obtener o construir su propia vivienda, y a la vez se potencia la apertura de nuevos puestos de trabajo en la ciudad\u201d, explic\u00f3 el jefe comunal.<\/p>\n<p>Seg\u00fan el plan de trabajo, est\u00e1 previsto poner en marcha las obras en los terrenos ubicados en el barrio Grand Bourg, en las inmediaciones del Centro C\u00edvico, y en las cercan\u00edas de la Terminal de \u00f3mnibus de Salta. All\u00ed se construir\u00e1 una gran edificaci\u00f3n de 8 pisos que albergar\u00e1 a 113 departamentos, de 1, 2 y 3 habitaciones, 67 cocheras subterr\u00e1neas y locales comerciales en la planta baja.<\/p>\n<p>Hasta el momento en Salta el plan ya permiti\u00f3 a 561 familias empezar a construir sus hogares. El promedio de dinero que se entreg\u00f3 a los beneficiarios ronda los 266 mil pesos. En total se estima que se invertir\u00e1n 150 millones de pesos. Este movimiento de divisas permiti\u00f3 generar m\u00e1s de 6 mil puestos de trabajo en Salta.<\/p>\n<p>De la firma de convenio tambi\u00e9n particip\u00f3 el presidente del Instituto Provincial de la Vivienda (IPV) Fernando Alessanco;  el titular de la UDAI seccional Sur, Maximiliano Aragon y el jefe de Gabinete municipal, Roque Mascarello.<\/p>\n","protected":false},"excerpt":{"rendered":"<p>A trav\u00e9s del acuerdo la municipalidad de Salta agilizar\u00e1 los tr\u00e1mites de los beneficiarios de Procrear para la construcci\u00f3n de viviendas, a fin de obtener la aprobaci\u00f3n de planos, la autorizaci\u00f3n de construcci\u00f3n y el reacomodamiento de zonificaci\u00f3n.<\/p>\n","protected":false},"author":3,"featured_media":0,"comment_status":"closed","ping_status":"open","sticky":false,"template":"","format":"standard","meta":{"footnotes":""},"categories":[4],"tags":[],"_links":{"self":[{"href":"http:\/\/ipv.salta.gov.ar\/index.php?rest_route=\/wp\/v2\/posts\/4283"}],"collection":[{"href":"http:\/\/ipv.salta.gov.ar\/index.php?rest_route=\/wp\/v2\/posts"}],"about":[{"href":"http:\/\/ipv.salta.gov.ar\/index.php?rest_route=\/wp\/v2\/types\/post"}],"author":[{"embeddable":true,"href":"http:\/\/ipv.salta.gov.ar\/index.php?rest_route=\/wp\/v2\/users\/3"}],"replies":[{"embeddable":true,"href":"http:\/\/ipv.salta.gov.ar\/index.php?rest_route=%2Fwp%2Fv2%2Fcomments&post=4283"}],"version-history":[{"count":1,"href":"http:\/\/ipv.salta.gov.ar\/index.php?rest_route=\/wp\/v2\/posts\/4283\/revisions"}],"predecessor-version":[{"id":4285,"href":"http:\/\/ipv.salta.gov.ar\/index.php?rest_route=\/wp\/v2\/posts\/4283\/revisions\/4285"}],"wp:attachment":[{"href":"http:\/\/ipv.salta.gov.ar\/index.php?rest_route=%2Fwp%2Fv2%2Fmedia&parent=4283"}],"wp:term":[{"taxonomy":"category","embeddable":true,"href":"http:\/\/ipv.salta.gov.ar\/index.php?rest_route=%2Fwp%2Fv2%2Fcategories&post=4283"},{"taxonomy":"post_tag","embeddable":true,"href":"http:\/\/ipv.salta.gov.ar\/index.php?rest_route=%2Fwp%2Fv2%2Ftags&post=4283"}],"curies":[{"name":"wp","href":"https:\/\/api.w.org\/{rel}","templated":true}]}}