{"id":4286,"date":"2013-07-22T10:22:44","date_gmt":"2013-07-22T12:22:44","guid":{"rendered":"http:\/\/ipv.salta.gov.ar\/?p=4286"},"modified":"2013-07-22T10:22:44","modified_gmt":"2013-07-22T12:22:44","slug":"veintitres-familias-de-la-zona-norte-de-la-ciudad-son-flamantes-propietarios-de-viviendas","status":"publish","type":"post","link":"http:\/\/ipv.salta.gov.ar\/?p=4286","title":{"rendered":"VEINTITRES FAMILIAS DE LA ZONA NORTE DE LA CIUDAD SON FLAMANTES PROPIETARIOS DE VIVIENDAS"},"content":{"rendered":"<p><a href=\"http:\/\/ipv.salta.gov.ar\/wp-content\/uploads\/2013\/07\/entrega-viviendas-barrio-parque-belgrano1.jpg\"><img decoding=\"async\" loading=\"lazy\" class=\"alignleft size-medium wp-image-4287\" alt=\"entrega-viviendas-barrio-parque-belgrano1\" src=\"http:\/\/ipv.salta.gov.ar\/wp-content\/uploads\/2013\/07\/entrega-viviendas-barrio-parque-belgrano1-300x193.jpg\" width=\"300\" height=\"193\" srcset=\"http:\/\/ipv.salta.gov.ar\/wp-content\/uploads\/2013\/07\/entrega-viviendas-barrio-parque-belgrano1-300x193.jpg 300w, http:\/\/ipv.salta.gov.ar\/wp-content\/uploads\/2013\/07\/entrega-viviendas-barrio-parque-belgrano1.jpg 560w\" sizes=\"(max-width: 300px) 100vw, 300px\" \/><\/a><strong>En un acto muy emotivo, el gobernador Juan Manuel Urtubey celebr\u00f3 junto a 23 familias la posibilidad de contar con un techo propio.<\/strong><\/p>\n<p><!--more--><\/p>\n<p>El gobernador Juan Manuel Urtuey encabez\u00f3 esta ma\u00f1ana el acto de entrega de 23 viviendas construidas por el Instituto Provincial de la Vivienda en convenio con la Agremiaci\u00f3n de Empleados Judiciales, en Parque Belgrano en la zona norte de la ciudad.<\/p>\n<p>El acto cont\u00f3 con la participaci\u00f3n de numerosas familias que emocionadas recibieron las carpetas t\u00e9cnicas y llaves de sus flamantes viviendas.  En todos los casos las casas cuentan con dos dormitorios, cocina comedor, ba\u00f1o y lavadero externo.<\/p>\n<p>En contacto con las familias, el gobernador Urtubey se\u00f1al\u00f3 la intenci\u00f3n del Gobierno de acompa\u00f1ar a la gente en un momento tan trascendental de sus vidas como es concretar el sue\u00f1o de la propia casa. \u201cNo importa cuantas viviendas entreguemos, queremos estar junto a ustedes y celebrar este momento, porque sabemos que una vivienda implica un cambio definitivo en una familia\u201d.<\/p>\n<p>\u201cHemos hecho mucho en este sentido\u201ddijo Urtubey, aunque que se\u00f1al\u00f3 que siempre se corre de atr\u00e1s por el gran atraso que hay en esta materia. Destac\u00f3 que de un promedio anual de 1.300 casas edificadas en 2007, se pas\u00f3 este a\u00f1o a tener un frente de obra de 4.500 nuevas viviendas en todo el territorio y que se est\u00e1 trabajando para concretar 1022 m\u00e1s.<\/p>\n<p>Tambi\u00e9n inst\u00f3 a los vecinos a comprometerse en el pago de las cuotas de sus viviendas, y as\u00ed conformar una cadena solidaria para que muchas otras familias tambi\u00e9n puedan acceder a sus casas y as\u00ed beneficiar a muchos salte\u00f1os.<\/p>\n<p>Por su parte el intendente capitalino Miguel Angel Isa  destac\u00f3 que tambi\u00e9n quiso compartir el festejo de estas 23 familias que \u201cluego de muchos a\u00f1os de espera lograron el techo propio\u201d. Dijo que \u201csi bien la demanda habitacional es muy grande, este Gobierno tiene la camiseta puesta en solucionar los problemas que m\u00e1s afligen a la gente.  Destac\u00f3 adem\u00e1s el importante trabajo conjunto que se realiza ente los Gobiernos Nacional, provincial y municipal, para emprender y concretar obras y lograr un crecimiento sostenido en toda la provincia\u201d.<\/p>\n<p>Estuvieron presentes el diputado nacional Pablo Kosiner, el presidente del Instituto de la Vivienda Fernando Alessanco, el presidente de la C\u00e1mara de Diputados Manuel Santago Godoy el secretario General de la Agremiaci\u00f3n de Empleados Judiciales, Oscar Lafuente.<\/p>\n","protected":false},"excerpt":{"rendered":"<p>En un acto muy emotivo, el gobernador Juan Manuel Urtubey celebr\u00f3 junto a 23 familias la posibilidad de contar con un techo propio.<\/p>\n","protected":false},"author":3,"featured_media":0,"comment_status":"closed","ping_status":"open","sticky":false,"template":"","format":"standard","meta":{"footnotes":""},"categories":[4],"tags":[],"_links":{"self":[{"href":"http:\/\/ipv.salta.gov.ar\/index.php?rest_route=\/wp\/v2\/posts\/4286"}],"collection":[{"href":"http:\/\/ipv.salta.gov.ar\/index.php?rest_route=\/wp\/v2\/posts"}],"about":[{"href":"http:\/\/ipv.salta.gov.ar\/index.php?rest_route=\/wp\/v2\/types\/post"}],"author":[{"embeddable":true,"href":"http:\/\/ipv.salta.gov.ar\/index.php?rest_route=\/wp\/v2\/users\/3"}],"replies":[{"embeddable":true,"href":"http:\/\/ipv.salta.gov.ar\/index.php?rest_route=%2Fwp%2Fv2%2Fcomments&post=4286"}],"version-history":[{"count":1,"href":"http:\/\/ipv.salta.gov.ar\/index.php?rest_route=\/wp\/v2\/posts\/4286\/revisions"}],"predecessor-version":[{"id":4288,"href":"http:\/\/ipv.salta.gov.ar\/index.php?rest_route=\/wp\/v2\/posts\/4286\/revisions\/4288"}],"wp:attachment":[{"href":"http:\/\/ipv.salta.gov.ar\/index.php?rest_route=%2Fwp%2Fv2%2Fmedia&parent=4286"}],"wp:term":[{"taxonomy":"category","embeddable":true,"href":"http:\/\/ipv.salta.gov.ar\/index.php?rest_route=%2Fwp%2Fv2%2Fcategories&post=4286"},{"taxonomy":"post_tag","embeddable":true,"href":"http:\/\/ipv.salta.gov.ar\/index.php?rest_route=%2Fwp%2Fv2%2Ftags&post=4286"}],"curies":[{"name":"wp","href":"https:\/\/api.w.org\/{rel}","templated":true}]}}