{"id":4289,"date":"2013-07-19T10:24:59","date_gmt":"2013-07-19T12:24:59","guid":{"rendered":"http:\/\/ipv.salta.gov.ar\/?p=4289"},"modified":"2013-07-22T10:26:59","modified_gmt":"2013-07-22T12:26:59","slug":"urtubey-entrego-viviendas-e-inauguro-obras-en-el-quebrachal","status":"publish","type":"post","link":"http:\/\/ipv.salta.gov.ar\/?p=4289","title":{"rendered":"URTUBEY ENTREG\u00d3 VIVIENDAS E INAUGUR\u00d3 OBRAS EN EL QUEBRACHAL"},"content":{"rendered":"<p><a href=\"http:\/\/ipv.salta.gov.ar\/wp-content\/uploads\/2013\/07\/mediosdigitales-gob-en-quebrachal8.jpg\"><img decoding=\"async\" loading=\"lazy\" class=\"alignleft size-medium wp-image-4290\" alt=\"mediosdigitales-gob-en-quebrachal8\" src=\"http:\/\/ipv.salta.gov.ar\/wp-content\/uploads\/2013\/07\/mediosdigitales-gob-en-quebrachal8-300x193.jpg\" width=\"300\" height=\"193\" srcset=\"http:\/\/ipv.salta.gov.ar\/wp-content\/uploads\/2013\/07\/mediosdigitales-gob-en-quebrachal8-300x193.jpg 300w, http:\/\/ipv.salta.gov.ar\/wp-content\/uploads\/2013\/07\/mediosdigitales-gob-en-quebrachal8.jpg 560w\" sizes=\"(max-width: 300px) 100vw, 300px\" \/><\/a><strong>En el Municipio de El Quebrachal, el gobernador Urtubey realiz\u00f3 la entrega de viviendas y la inauguraci\u00f3n de obras. Adem\u00e1s, junto al intendente local firm\u00f3 un convenio para la construcci\u00f3n de casas para comunidades abor\u00edgenes.<\/strong><\/p>\n<p><!--more--><\/p>\n<p>El gobernador Juan Manuel Urtubey  junto a los vecinos realiz\u00f3 el corte de cintas para inaugurar oficialmente  la pavimentaci\u00f3n de tres cuadras en el municipio. La obra tuvo  una inversi\u00f3n de $750.000, correspondientes a una cuadra sobre el ingreso al municipio y dos en inmediaciones de la plaza General G\u00fcemes.<\/p>\n<p>Seguidamente se entregaron 10 viviendas  del programa Mi Casa, a trav\u00e9s de convenios con el Municipio y el Instituto Provincial de la Vivienda y fondos aportados por el Gobierno de la Provincia.<\/p>\n<p>Las casas se construyeron en terrenos de los beneficiarios con mano de obra y materiales de la localidad de El Quebrachal.<\/p>\n<p>Las viviendas cuentan con dos dormitorios, ba\u00f1o, cocina, comedor y cuentan con todos los servicios para ser habitadas.<\/p>\n<p>Urtubey destac\u00f3 el crecimiento de la Provincia en los \u00faltimos a\u00f1os \u201cten\u00edamos que generar un crecimiento m\u00e1s equilibrado; antes el dinero se invert\u00eda donde hab\u00eda dinero, lugares que solo crec\u00edan en un sector, nosotros decidimos dar vuelta eso y distribuir los recursos en cada rinc\u00f3n de la provincia y para los que m\u00e1s necesitan\u201d.<\/p>\n<p>\u201cConstruimos obras que le cambian la fisonom\u00eda a municipios y parajes de toda Salta y esto por ah\u00ed no se entera en el resto de la provincia porque s\u00f3lo se publican las malas noticias, pero eso poco nos importa porque ustedes pueden ver y estar cerca de estas obras\u201d, indic\u00f3.<\/p>\n<p>El mandatario resalt\u00f3 el trabajo conjunto \u201cmuchos de los que trabajamos por el pueblo, algunos pensamos distinto, somos de distintos partidos, pero nos pusimos la camiseta de Salta y trabajamos para adelante\u201d.<\/p>\n<p>Adem\u00e1s destac\u00f3 el apoyo del gobierno nacional \u201ccontamos  con la colaboraci\u00f3n de nuestra Presidenta de la Naci\u00f3n, que puso el piso de inclusi\u00f3n social de una manera in\u00e9dita en cada rinc\u00f3n del pa\u00eds. Ser parte de este proyecto significa poder generar soluciones para nuestra gente, por eso el trabajo de los legisladores que nos acompa\u00f1an es de suma importancia\u201d.<\/p>\n<p>Finalmente expres\u00f3 que todo lo realizado \u201ces una obligaci\u00f3n por parte de nosotros, todos juntos debemos continuar trabajando para que tengamos esa realidad con la que so\u00f1amos, que cada d\u00eda nos incluya un poco m\u00e1s a todos los salte\u00f1os\u201d.<\/p>\n<p>En la oportunidad se firm\u00f3 un convenio para la construcci\u00f3n de 15 viviendas destinadas a las comunidades abor\u00edgenes del municipio. Firmaron el documento el intendente municipal y el Gobernador de la Provincia.<\/p>\n<p>El jefe comunal agradeci\u00f3 al Gobernador \u201cporque permite que cada d\u00eda los vecinos de este municipio puedan vivir de una manera mejor, estas obras sin duda le cambian la vida a todo este pueblo, que esper\u00f3 durante mucho tiempo\u201d.<\/p>\n<p>En la oportunidad el intendente resalt\u00f3 las obras que se realizan en el municipio conjuntamente con el Gobierno de la Provincia. El hospital nuevo, con una inversi\u00f3n superior a los $9.000.000, m\u00f3dulos habitacionales, ampliaci\u00f3n de establecimientos educativos, n\u00facleos h\u00famedos, la construcci\u00f3n de un colegio secundario en Talavera, entre otras \u201ctodo esto es para que nuestra gente pueda vivir mejor, para eso trabaja nuestro Gobernador, que permite que nuestros hermanos tengan una mejor calidad de vida\u201d.<\/p>\n<p>Estuvieron presentes la diputada nacional, Cristina Fiore, el presidente del IPV, Fernando Alesanco, el secretario de Obras P\u00fablicas, Sergio Zorpudes, el delegado municipal de Gaona, Juan Jos\u00e9 \u00c1lvarez, intendentes de localidades vecinas, legisladores provinciales, instituciones deportivas y educativas, autoridades municipales y vecinos de la zona.<\/p>\n","protected":false},"excerpt":{"rendered":"<p>En el Municipio de El Quebrachal, el gobernador Urtubey realiz\u00f3 la entrega de viviendas y la inauguraci\u00f3n de obras. Adem\u00e1s, junto al intendente local firm\u00f3 un convenio para la construcci\u00f3n de casas para comunidades abor\u00edgenes.<\/p>\n","protected":false},"author":3,"featured_media":0,"comment_status":"closed","ping_status":"open","sticky":false,"template":"","format":"standard","meta":{"footnotes":""},"categories":[4],"tags":[],"_links":{"self":[{"href":"http:\/\/ipv.salta.gov.ar\/index.php?rest_route=\/wp\/v2\/posts\/4289"}],"collection":[{"href":"http:\/\/ipv.salta.gov.ar\/index.php?rest_route=\/wp\/v2\/posts"}],"about":[{"href":"http:\/\/ipv.salta.gov.ar\/index.php?rest_route=\/wp\/v2\/types\/post"}],"author":[{"embeddable":true,"href":"http:\/\/ipv.salta.gov.ar\/index.php?rest_route=\/wp\/v2\/users\/3"}],"replies":[{"embeddable":true,"href":"http:\/\/ipv.salta.gov.ar\/index.php?rest_route=%2Fwp%2Fv2%2Fcomments&post=4289"}],"version-history":[{"count":2,"href":"http:\/\/ipv.salta.gov.ar\/index.php?rest_route=\/wp\/v2\/posts\/4289\/revisions"}],"predecessor-version":[{"id":4292,"href":"http:\/\/ipv.salta.gov.ar\/index.php?rest_route=\/wp\/v2\/posts\/4289\/revisions\/4292"}],"wp:attachment":[{"href":"http:\/\/ipv.salta.gov.ar\/index.php?rest_route=%2Fwp%2Fv2%2Fmedia&parent=4289"}],"wp:term":[{"taxonomy":"category","embeddable":true,"href":"http:\/\/ipv.salta.gov.ar\/index.php?rest_route=%2Fwp%2Fv2%2Fcategories&post=4289"},{"taxonomy":"post_tag","embeddable":true,"href":"http:\/\/ipv.salta.gov.ar\/index.php?rest_route=%2Fwp%2Fv2%2Ftags&post=4289"}],"curies":[{"name":"wp","href":"https:\/\/api.w.org\/{rel}","templated":true}]}}