{"id":4302,"date":"2013-07-25T10:19:02","date_gmt":"2013-07-25T12:19:02","guid":{"rendered":"http:\/\/ipv.salta.gov.ar\/?p=4302"},"modified":"2013-07-26T10:20:18","modified_gmt":"2013-07-26T12:20:18","slug":"el-ipv-reitera-que-no-cuenta-con-gestores-para-la-adjudicacion-de-viviendas","status":"publish","type":"post","link":"http:\/\/ipv.salta.gov.ar\/?p=4302","title":{"rendered":"EL IPV REITERA QUE NO CUENTA CON GESTORES PARA LA ADJUDICACI\u00d3N DE VIVIENDAS"},"content":{"rendered":"<p><a href=\"http:\/\/ipv.salta.gov.ar\/wp-content\/uploads\/2013\/04\/LOGO-ROJO-1.png\"><img decoding=\"async\" loading=\"lazy\" class=\"alignleft size-medium wp-image-3960\" alt=\"LOGO ROJO 1\" src=\"http:\/\/ipv.salta.gov.ar\/wp-content\/uploads\/2013\/04\/LOGO-ROJO-1-300x173.png\" width=\"300\" height=\"173\" srcset=\"http:\/\/ipv.salta.gov.ar\/wp-content\/uploads\/2013\/04\/LOGO-ROJO-1-300x173.png 300w, http:\/\/ipv.salta.gov.ar\/wp-content\/uploads\/2013\/04\/LOGO-ROJO-1.png 421w\" sizes=\"(max-width: 300px) 100vw, 300px\" \/><\/a><strong>El presidente del Instituto Provincial de Vivienda denunci\u00f3 una presunta estafa por parte de un particular que ofrec\u00eda viviendas. Record\u00f3 que estas son adjudicadas por medio de sorteos p\u00fablicos y ante escribano.<\/strong><\/p>\n<p><!--more--><\/p>\n<p>El presidente del Instituto Provincial de Vivienda Fernando Alesanco denunci\u00f3 en la Comisaria N\u00ba 5 de la Ciudad de Salta una presunta estafa por parte de un particular que ofrec\u00eda viviendas.<\/p>\n<p>La medida la concret\u00f3 luego de que el funcionario tom\u00f3 conocimiento de la situaci\u00f3n tras una denuncia period\u00edstica, que daba cuenta de la presunta estafa por parte de un hombre que solicitaba dinero a cambio de viviendas.<\/p>\n<p>Desde el organismo se reitera a la poblaci\u00f3n en general que no cuenta con gestores para la adjudicaci\u00f3n de viviendas. Estas son otorgadas por medio de sorteos p\u00fablicos y ante escribano.<\/p>\n<p>Las viviendas dependientes del IPV  son adjudicadas por medio de sorteos y aquellas que son recuperadas son entregadas a familias con casos especiales, ya sean con discapacidad o enfermedades terminales.<\/p>\n<p>Alensanco destac\u00f3 \u201cel IPV no cuenta con gestores, las inscripciones son personales y gratuitas, se las realiza en las oficinas del organismo en la Ciudad capital, ubicadas en calle Belgrano N\u00ba 1349, y tambi\u00e9n en el interior en las localidades de Tartagal y Or\u00e1n\u201d.<\/p>\n","protected":false},"excerpt":{"rendered":"<p>El presidente del Instituto Provincial de Vivienda denunci\u00f3 una presunta estafa por parte de un particular que ofrec\u00eda viviendas. Record\u00f3 que estas son adjudicadas por medio de sorteos p\u00fablicos y ante escribano.<\/p>\n","protected":false},"author":3,"featured_media":0,"comment_status":"closed","ping_status":"open","sticky":false,"template":"","format":"standard","meta":{"footnotes":""},"categories":[4],"tags":[],"_links":{"self":[{"href":"http:\/\/ipv.salta.gov.ar\/index.php?rest_route=\/wp\/v2\/posts\/4302"}],"collection":[{"href":"http:\/\/ipv.salta.gov.ar\/index.php?rest_route=\/wp\/v2\/posts"}],"about":[{"href":"http:\/\/ipv.salta.gov.ar\/index.php?rest_route=\/wp\/v2\/types\/post"}],"author":[{"embeddable":true,"href":"http:\/\/ipv.salta.gov.ar\/index.php?rest_route=\/wp\/v2\/users\/3"}],"replies":[{"embeddable":true,"href":"http:\/\/ipv.salta.gov.ar\/index.php?rest_route=%2Fwp%2Fv2%2Fcomments&post=4302"}],"version-history":[{"count":1,"href":"http:\/\/ipv.salta.gov.ar\/index.php?rest_route=\/wp\/v2\/posts\/4302\/revisions"}],"predecessor-version":[{"id":4303,"href":"http:\/\/ipv.salta.gov.ar\/index.php?rest_route=\/wp\/v2\/posts\/4302\/revisions\/4303"}],"wp:attachment":[{"href":"http:\/\/ipv.salta.gov.ar\/index.php?rest_route=%2Fwp%2Fv2%2Fmedia&parent=4302"}],"wp:term":[{"taxonomy":"category","embeddable":true,"href":"http:\/\/ipv.salta.gov.ar\/index.php?rest_route=%2Fwp%2Fv2%2Fcategories&post=4302"},{"taxonomy":"post_tag","embeddable":true,"href":"http:\/\/ipv.salta.gov.ar\/index.php?rest_route=%2Fwp%2Fv2%2Ftags&post=4302"}],"curies":[{"name":"wp","href":"https:\/\/api.w.org\/{rel}","templated":true}]}}