{"id":4324,"date":"2013-07-30T18:33:52","date_gmt":"2013-07-30T20:33:52","guid":{"rendered":"http:\/\/ipv.salta.gov.ar\/?p=4324"},"modified":"2013-07-30T18:33:52","modified_gmt":"2013-07-30T20:33:52","slug":"el-ipv-ejecuta-en-general-guemes-222-viviendas","status":"publish","type":"post","link":"http:\/\/ipv.salta.gov.ar\/?p=4324","title":{"rendered":"EL IPV EJECUTA EN GENERAL G\u00dcEMES 222 VIVIENDAS"},"content":{"rendered":"<p><a href=\"http:\/\/ipv.salta.gov.ar\/wp-content\/uploads\/2013\/07\/guemes.jpg\"><img decoding=\"async\" loading=\"lazy\" class=\"alignleft size-medium wp-image-4325\" alt=\"guemes\" src=\"http:\/\/ipv.salta.gov.ar\/wp-content\/uploads\/2013\/07\/guemes-300x201.jpg\" width=\"300\" height=\"201\" srcset=\"http:\/\/ipv.salta.gov.ar\/wp-content\/uploads\/2013\/07\/guemes-300x201.jpg 300w, http:\/\/ipv.salta.gov.ar\/wp-content\/uploads\/2013\/07\/guemes-1024x686.jpg 1024w\" sizes=\"(max-width: 300px) 100vw, 300px\" \/><\/a><strong>Este a\u00f1o la provincia aument\u00f3 en un 50% el promedio en construcci\u00f3n de viviendas, las que se realizan en toda la provincia.<\/strong><\/p>\n<p><!--more--><\/p>\n<p>El Instituto Provincial de Vivienda  lleva adelante la construcci\u00f3n de 222 viviendas en la localidad de General G\u00fcemes, por medio de programas Nacionales y Provinciales.<\/p>\n<p>En el municipio de G\u00fcemes, cabecera del departamento, el Instituto Provincial de Vivienda  (IPV)  construye a trav\u00e9s del Programa Federal \u201cTecho Digno\u201d 200 unidades habitacionales que presentan un avance f\u00edsico de obra del 27%. Del total de las viviendas, 10  estar\u00e1n adaptadas para familias con casos de discapacidad.  Contar\u00e1n con los servicios de luz, agua, gas, cord\u00f3n cuneta entre otros.<\/p>\n<p>Adem\u00e1s, por medio del Programa Provincial \u201cMi Casa\u201d y a trav\u00e9s de un convenio firmado con el municipio, 10 familias que por sus ingresos no pueden acceder a los planes tradicionales del FONAVI y pertenecientes al Sindicato de Obreros y Empleados Municipales (SOEM) se beneficiar\u00e1n con la construcci\u00f3n de viviendas en terreno propio. La obra se ejecuta con la supervisi\u00f3n de la municipalidad y mano de obra local, siendo financiada por la provincia.<\/p>\n<p>Tambi\u00e9n, en el marco del Programa Federal de Integraci\u00f3n Socio Comunitario, se construyen 12 viviendas por medio de cooperativas de trabajo. Las casas cuentan con estar-comedor, tres dormitorios, ba\u00f1o, cocina y lavadero externo. Los trabajos presentan un avance del 15%.<\/p>\n<p>Mediante el Programa Provincial \u201cN\u00facleos H\u00famedos\u201d son 40 las familias que mejorar\u00e1n su calidad de vida. El programa est\u00e1 destinado a familias de escasos recursos y el objetivo es dotarlos de un n\u00facleo sanitario b\u00e1sico y contribuir con la erradicaci\u00f3n de letrinas.<\/p>\n<p>Adem\u00e1s se ejecutan obras de infraestructura con una inversi\u00f3n de $1.300.000. Se lleva adelante la construcci\u00f3n de un pozo de agua con un avance f\u00edsico del 75% y un nexo de agua con el 25% de avance.<\/p>\n<p>El titular del IPV resalt\u00f3 que este a\u00f1o la provincia ha aumentado en un 50% el promedio en construcci\u00f3n de viviendas y que en este momento el IPV ejecuta viviendas en todo su territorio.<\/p>\n","protected":false},"excerpt":{"rendered":"<p>Este a\u00f1o la provincia aument\u00f3 en un 50% el promedio en construcci\u00f3n de viviendas, las que se realizan en toda la provincia.<\/p>\n","protected":false},"author":3,"featured_media":0,"comment_status":"closed","ping_status":"open","sticky":false,"template":"","format":"standard","meta":{"footnotes":""},"categories":[4],"tags":[],"_links":{"self":[{"href":"http:\/\/ipv.salta.gov.ar\/index.php?rest_route=\/wp\/v2\/posts\/4324"}],"collection":[{"href":"http:\/\/ipv.salta.gov.ar\/index.php?rest_route=\/wp\/v2\/posts"}],"about":[{"href":"http:\/\/ipv.salta.gov.ar\/index.php?rest_route=\/wp\/v2\/types\/post"}],"author":[{"embeddable":true,"href":"http:\/\/ipv.salta.gov.ar\/index.php?rest_route=\/wp\/v2\/users\/3"}],"replies":[{"embeddable":true,"href":"http:\/\/ipv.salta.gov.ar\/index.php?rest_route=%2Fwp%2Fv2%2Fcomments&post=4324"}],"version-history":[{"count":1,"href":"http:\/\/ipv.salta.gov.ar\/index.php?rest_route=\/wp\/v2\/posts\/4324\/revisions"}],"predecessor-version":[{"id":4326,"href":"http:\/\/ipv.salta.gov.ar\/index.php?rest_route=\/wp\/v2\/posts\/4324\/revisions\/4326"}],"wp:attachment":[{"href":"http:\/\/ipv.salta.gov.ar\/index.php?rest_route=%2Fwp%2Fv2%2Fmedia&parent=4324"}],"wp:term":[{"taxonomy":"category","embeddable":true,"href":"http:\/\/ipv.salta.gov.ar\/index.php?rest_route=%2Fwp%2Fv2%2Fcategories&post=4324"},{"taxonomy":"post_tag","embeddable":true,"href":"http:\/\/ipv.salta.gov.ar\/index.php?rest_route=%2Fwp%2Fv2%2Ftags&post=4324"}],"curies":[{"name":"wp","href":"https:\/\/api.w.org\/{rel}","templated":true}]}}