{"id":4332,"date":"2013-08-01T16:11:54","date_gmt":"2013-08-01T18:11:54","guid":{"rendered":"http:\/\/ipv.salta.gov.ar\/?p=4332"},"modified":"2013-08-02T10:16:05","modified_gmt":"2013-08-02T12:16:05","slug":"funcionarios-del-ipv-se-reunieron-con-miembros-de-la-comision-nacional-de-seguimiento","status":"publish","type":"post","link":"http:\/\/ipv.salta.gov.ar\/?p=4332","title":{"rendered":"FUNCIONARIOS DEL IPV SE REUNIERON CON MIEMBROS DE LA COMISI\u00d3N NACIONAL DE SEGUIMIENTO"},"content":{"rendered":"<p><strong><a href=\"http:\/\/ipv.salta.gov.ar\/wp-content\/uploads\/2013\/08\/websalta-comision-de-seguimiento-nacional.jpg\"><img decoding=\"async\" loading=\"lazy\" class=\"alignleft size-medium wp-image-4333\" alt=\"websalta-comision-de-seguimiento-nacional\" src=\"http:\/\/ipv.salta.gov.ar\/wp-content\/uploads\/2013\/08\/websalta-comision-de-seguimiento-nacional-300x193.jpg\" width=\"300\" height=\"193\" srcset=\"http:\/\/ipv.salta.gov.ar\/wp-content\/uploads\/2013\/08\/websalta-comision-de-seguimiento-nacional-300x193.jpg 300w, http:\/\/ipv.salta.gov.ar\/wp-content\/uploads\/2013\/08\/websalta-comision-de-seguimiento-nacional.jpg 560w\" sizes=\"(max-width: 300px) 100vw, 300px\" \/><\/a>Durante el encuentro se definieron los recorridos de obras por diversos municipios de la provincia.<\/strong><\/p>\n<p><!--more--><\/p>\n<p>El secretario de Obras P\u00fablicas, Sergio Zorpudes y el coordinador Ejecutivo del IPV, Carlos Joya recibieron a miembros de la Comisi\u00f3n Nacional de Seguimiento en el marco del Programa del Plan M\u00e1s Cerca: m\u00e1s municipio, mejor pa\u00eds, m\u00e1s patria.<\/p>\n<p>En la reuni\u00f3n t\u00e9cnica se planificaron los recorridos que realizar\u00e1n en el interior provincial. Un grupo se dirigir\u00e1 a las localidades de General G\u00fcemes, Met\u00e1n, El Galp\u00f3n y Rosario de la Frontera, otro visitar\u00e1 las obras habitacionales de Vaqueros, El Huayco, Rosario de Lerma y Campo Quijano.<\/p>\n<p>El objetivo de estos recorridos por parte de la comisi\u00f3n, adem\u00e1s de verificar que las obras se ejecuten, es comprobar el avance de los trabajos y la mano de obra registrada.<\/p>\n<p>Participaron de la reuni\u00f3n Mariano Rossi, Carlos D&#8217;Aprile de la Subsecretar\u00eda de Desarrollo Urbano y Vivienda de la Naci\u00f3n; Jorge Garc\u00eda del Ministerio de Trabajo, Empleo y Seguridad Social; Esteban Quiroga de Abordaje territorial; Gustavo Quintana, IERIC Zonal; Jorge Luis Pellegrino de IERIC Regional; Jorge Banchik de la C\u00e1mara Argentina de la Construcci\u00f3n; Guillermo Arroyo de la C\u00e1mara Salte\u00f1a de la Construcci\u00f3n; Augusto Ortiz de la UOCRA; Sergio Zorpudes, Secretario de Obras P\u00fablicas de la provincia; Carlos Joya, coordinador Ejecutivo del IPV; Vicente Gallipoli, gerente de proyectos y Fernando Zalazar, gerente de obras del IPV.<\/p>\n","protected":false},"excerpt":{"rendered":"<p>Durante el encuentro se definieron los recorridos de obras por diversos municipios de la provincia.<\/p>\n","protected":false},"author":3,"featured_media":0,"comment_status":"closed","ping_status":"open","sticky":false,"template":"","format":"standard","meta":{"footnotes":""},"categories":[4],"tags":[],"_links":{"self":[{"href":"http:\/\/ipv.salta.gov.ar\/index.php?rest_route=\/wp\/v2\/posts\/4332"}],"collection":[{"href":"http:\/\/ipv.salta.gov.ar\/index.php?rest_route=\/wp\/v2\/posts"}],"about":[{"href":"http:\/\/ipv.salta.gov.ar\/index.php?rest_route=\/wp\/v2\/types\/post"}],"author":[{"embeddable":true,"href":"http:\/\/ipv.salta.gov.ar\/index.php?rest_route=\/wp\/v2\/users\/3"}],"replies":[{"embeddable":true,"href":"http:\/\/ipv.salta.gov.ar\/index.php?rest_route=%2Fwp%2Fv2%2Fcomments&post=4332"}],"version-history":[{"count":1,"href":"http:\/\/ipv.salta.gov.ar\/index.php?rest_route=\/wp\/v2\/posts\/4332\/revisions"}],"predecessor-version":[{"id":4334,"href":"http:\/\/ipv.salta.gov.ar\/index.php?rest_route=\/wp\/v2\/posts\/4332\/revisions\/4334"}],"wp:attachment":[{"href":"http:\/\/ipv.salta.gov.ar\/index.php?rest_route=%2Fwp%2Fv2%2Fmedia&parent=4332"}],"wp:term":[{"taxonomy":"category","embeddable":true,"href":"http:\/\/ipv.salta.gov.ar\/index.php?rest_route=%2Fwp%2Fv2%2Fcategories&post=4332"},{"taxonomy":"post_tag","embeddable":true,"href":"http:\/\/ipv.salta.gov.ar\/index.php?rest_route=%2Fwp%2Fv2%2Ftags&post=4332"}],"curies":[{"name":"wp","href":"https:\/\/api.w.org\/{rel}","templated":true}]}}