{"id":4370,"date":"2013-08-15T10:00:19","date_gmt":"2013-08-15T12:00:19","guid":{"rendered":"http:\/\/ipv.salta.gov.ar\/?p=4370"},"modified":"2013-08-15T10:00:19","modified_gmt":"2013-08-15T12:00:19","slug":"procrear-salta-presento-los-desarrollos-urbanisticos-para-familias-sin-terreno-propio","status":"publish","type":"post","link":"http:\/\/ipv.salta.gov.ar\/?p=4370","title":{"rendered":"PROCREAR SALTA PRESENT\u00d3 LOS DESARROLLOS URBAN\u00cdSTICOS PARA FAMILIAS SIN TERRENO PROPIO"},"content":{"rendered":"<p><strong><a href=\"http:\/\/ipv.salta.gov.ar\/wp-content\/uploads\/2013\/08\/websalta-quilodran-procrear.jpg\"><img decoding=\"async\" loading=\"lazy\" class=\"alignleft size-medium wp-image-4371\" alt=\"websalta-quilodran-procrear\" src=\"http:\/\/ipv.salta.gov.ar\/wp-content\/uploads\/2013\/08\/websalta-quilodran-procrear-300x193.jpg\" width=\"300\" height=\"193\" srcset=\"http:\/\/ipv.salta.gov.ar\/wp-content\/uploads\/2013\/08\/websalta-quilodran-procrear-300x193.jpg 300w, http:\/\/ipv.salta.gov.ar\/wp-content\/uploads\/2013\/08\/websalta-quilodran-procrear.jpg 560w\" sizes=\"(max-width: 300px) 100vw, 300px\" \/><\/a>Se inform\u00f3 detalles de las obras que se realizar\u00e1n en Salta y Tartagal para la construcci\u00f3n de departamentos, viviendas y d\u00faplex a trav\u00e9s de Procrear<\/strong><\/p>\n<p><!--more--><\/p>\n<p>El coordinador del Programa Procrear en Salta Gonzalo Quilodr\u00e1n y el presidente del Instituto Provincial de la Vivienda (IPV) Fernando Alesanco, se reunieron ayer con el titular de la C\u00e1mara Argentina de la Construcci\u00f3n en Salta Jorge Banchik y de la C\u00e1mara Salte\u00f1a de la Producci\u00f3n, Guillermo Arroyo, donde presentaron los desarrollos urban\u00edsticos que propone Procrear para familias que no cuentan con terreno propio.<\/p>\n<p>En el encuentro se inform\u00f3 los detalles de las distintas obras que se realizar\u00e1n en la ciudad de Salta y en Tartagal para la construcci\u00f3n de departamentos, viviendas y d\u00faplex en el marco de Procrear.<\/p>\n<p>Quilodr\u00e1n explic\u00f3 que se est\u00e1n ultimando los detalles de lo que ser\u00e1n estos proyectos que se materializar\u00e1n en terrenos que cedi\u00f3 la provincia en la capital salte\u00f1a y del municipio en Tartagal donde se construir\u00e1n 177 viviendas.<\/p>\n<p>Indic\u00f3 que con estos proyectos se dar\u00e1 respuesta a un importante sector de la sociedad que demandaba cr\u00e9ditos para viviendas pero que no cuenta con terrenos propios. La adjudicaci\u00f3n se realiza en funci\u00f3n a los ingresos y composici\u00f3n del grupo familiar mediante sorteos de la Loter\u00eda Nacional.<\/p>\n<p>Quilodr\u00e1n indic\u00f3 que pr\u00f3ximamente se realizar\u00e1 el tercer llamado a licitaci\u00f3n por 220 unidades habitacionales, de las cuales 113 departamentos corresponden a la zona de la Terminal de Omnibus y 107 a d\u00faplex de barrio Grand Bourg. Posteriormente se sumar\u00e1n los 228 departamentos y d\u00faplex que se construir\u00e1n en barrio el Huaico.<\/p>\n<p>En la reuni\u00f3n el sector empresarial destac\u00f3 la importancia que tienen estos proyectos, tanto por las caracter\u00edsticas de la obra como por la accesibilidad que implican teniendo en cuenta la financiaci\u00f3n propuesta. Se interiorizaron adem\u00e1s sobre los detalles y particularidades de los terrenos donde se levantar\u00e1n estos complejos y los lineamientos edilicios.<\/p>\n","protected":false},"excerpt":{"rendered":"<p>Se inform\u00f3 detalles de las obras que se realizar\u00e1n en Salta y Tartagal para la construcci\u00f3n de departamentos, viviendas y d\u00faplex a trav\u00e9s de Procrear<\/p>\n","protected":false},"author":3,"featured_media":0,"comment_status":"closed","ping_status":"open","sticky":false,"template":"","format":"standard","meta":{"footnotes":""},"categories":[4],"tags":[],"_links":{"self":[{"href":"http:\/\/ipv.salta.gov.ar\/index.php?rest_route=\/wp\/v2\/posts\/4370"}],"collection":[{"href":"http:\/\/ipv.salta.gov.ar\/index.php?rest_route=\/wp\/v2\/posts"}],"about":[{"href":"http:\/\/ipv.salta.gov.ar\/index.php?rest_route=\/wp\/v2\/types\/post"}],"author":[{"embeddable":true,"href":"http:\/\/ipv.salta.gov.ar\/index.php?rest_route=\/wp\/v2\/users\/3"}],"replies":[{"embeddable":true,"href":"http:\/\/ipv.salta.gov.ar\/index.php?rest_route=%2Fwp%2Fv2%2Fcomments&post=4370"}],"version-history":[{"count":1,"href":"http:\/\/ipv.salta.gov.ar\/index.php?rest_route=\/wp\/v2\/posts\/4370\/revisions"}],"predecessor-version":[{"id":4372,"href":"http:\/\/ipv.salta.gov.ar\/index.php?rest_route=\/wp\/v2\/posts\/4370\/revisions\/4372"}],"wp:attachment":[{"href":"http:\/\/ipv.salta.gov.ar\/index.php?rest_route=%2Fwp%2Fv2%2Fmedia&parent=4370"}],"wp:term":[{"taxonomy":"category","embeddable":true,"href":"http:\/\/ipv.salta.gov.ar\/index.php?rest_route=%2Fwp%2Fv2%2Fcategories&post=4370"},{"taxonomy":"post_tag","embeddable":true,"href":"http:\/\/ipv.salta.gov.ar\/index.php?rest_route=%2Fwp%2Fv2%2Ftags&post=4370"}],"curies":[{"name":"wp","href":"https:\/\/api.w.org\/{rel}","templated":true}]}}