{"id":4375,"date":"2013-08-14T14:28:00","date_gmt":"2013-08-14T16:28:00","guid":{"rendered":"http:\/\/ipv.salta.gov.ar\/?p=4375"},"modified":"2013-08-15T14:33:27","modified_gmt":"2013-08-15T16:33:27","slug":"el-ipv-licito-la-construccion-de-212-modulos-de-viviendas-en-la-capital-saltena","status":"publish","type":"post","link":"http:\/\/ipv.salta.gov.ar\/?p=4375","title":{"rendered":"EL IPV LICIT\u00d3 LA CONSTRUCCI\u00d3N DE 212 M\u00d3DULOS DE VIVIENDAS EN LA CAPITAL SALTE\u00d1A"},"content":{"rendered":"<p style=\"text-align: justify;\"><a href=\"http:\/\/ipv.salta.gov.ar\/wp-content\/uploads\/2013\/08\/IMG_9105.jpg\"><img decoding=\"async\" loading=\"lazy\" class=\"alignleft size-medium wp-image-4376\" alt=\"IMG_9105\" src=\"http:\/\/ipv.salta.gov.ar\/wp-content\/uploads\/2013\/08\/IMG_9105-300x200.jpg\" width=\"300\" height=\"200\" srcset=\"http:\/\/ipv.salta.gov.ar\/wp-content\/uploads\/2013\/08\/IMG_9105-300x200.jpg 300w, http:\/\/ipv.salta.gov.ar\/wp-content\/uploads\/2013\/08\/IMG_9105-1024x682.jpg 1024w\" sizes=\"(max-width: 300px) 100vw, 300px\" \/><\/a><strong>Pertenecen al Programa Federal de Mejoramiento de Viviendas y se construir\u00e1n en barrio La Paz y Solidaridad.<\/strong><\/p>\n<p style=\"text-align: justify;\"><!--more--><\/p>\n<p style=\"text-align: justify;\">El Instituto Provincial de Vivienda realiz\u00f3 la licitaci\u00f3n por la construcci\u00f3n de 212 m\u00f3dulos de completamientos de vivienda en barrio La Paz y Solidaridad correspondiente a las etapas 15, 16 y 17.<\/p>\n<p style=\"text-align: justify;\">Ayer se abrieron los sobres correspondientes a  la construcci\u00f3n de 100 m\u00f3dulos de viviendas en la etapa 15; 62 en la etapa 16 y 50 en  la etapa 17 de los barrios Solidaridad y La Paz. En las tres obras  se present\u00f3 un \u00fanico oferente conformado por una UTE: Empresa DISCON SRL \u2013 DEIMOS SRL OBRAS Y SERVICIOS.<\/p>\n<p style=\"text-align: justify;\">Hoy, en tanto, en las instalaciones del organismo, se realizar\u00e1 la licitaci\u00f3n de dos obras m\u00e1s, de 45 y 33 m\u00f3dulos.<\/p>\n<p style=\"text-align: justify;\">Participaron del acto, la escribana del IPV en representaci\u00f3n de Escriban\u00eda de Gobierno,  Mariana P\u00e9rez Salazar; Federico Arce, responsable Programa Mejor Vivir; Gustavo Hamasaki, asistente profesional de la Unidad Ejecutora de Programas Descentralizados; Lorena Guedilla, en representaci\u00f3n de la oficina de Documentaci\u00f3n perteneciente a la Gerencia  de Control de Obra; V\u00edctor P\u00e9rez de la Unidad de Sindicatura Interna de la Secretar\u00eda de Obras P\u00fablicas del Ministerio de Hacienda y Obras P\u00fablicas y representantes de las firmas oferentes.<\/p>\n","protected":false},"excerpt":{"rendered":"<p>Pertenecen al Programa Federal de Mejoramiento de Viviendas y se construir\u00e1n en barrio La Paz y Solidaridad.<\/p>\n","protected":false},"author":3,"featured_media":0,"comment_status":"closed","ping_status":"open","sticky":false,"template":"","format":"standard","meta":{"footnotes":""},"categories":[4],"tags":[],"_links":{"self":[{"href":"http:\/\/ipv.salta.gov.ar\/index.php?rest_route=\/wp\/v2\/posts\/4375"}],"collection":[{"href":"http:\/\/ipv.salta.gov.ar\/index.php?rest_route=\/wp\/v2\/posts"}],"about":[{"href":"http:\/\/ipv.salta.gov.ar\/index.php?rest_route=\/wp\/v2\/types\/post"}],"author":[{"embeddable":true,"href":"http:\/\/ipv.salta.gov.ar\/index.php?rest_route=\/wp\/v2\/users\/3"}],"replies":[{"embeddable":true,"href":"http:\/\/ipv.salta.gov.ar\/index.php?rest_route=%2Fwp%2Fv2%2Fcomments&post=4375"}],"version-history":[{"count":2,"href":"http:\/\/ipv.salta.gov.ar\/index.php?rest_route=\/wp\/v2\/posts\/4375\/revisions"}],"predecessor-version":[{"id":4378,"href":"http:\/\/ipv.salta.gov.ar\/index.php?rest_route=\/wp\/v2\/posts\/4375\/revisions\/4378"}],"wp:attachment":[{"href":"http:\/\/ipv.salta.gov.ar\/index.php?rest_route=%2Fwp%2Fv2%2Fmedia&parent=4375"}],"wp:term":[{"taxonomy":"category","embeddable":true,"href":"http:\/\/ipv.salta.gov.ar\/index.php?rest_route=%2Fwp%2Fv2%2Fcategories&post=4375"},{"taxonomy":"post_tag","embeddable":true,"href":"http:\/\/ipv.salta.gov.ar\/index.php?rest_route=%2Fwp%2Fv2%2Ftags&post=4375"}],"curies":[{"name":"wp","href":"https:\/\/api.w.org\/{rel}","templated":true}]}}