{"id":4386,"date":"2013-08-26T18:12:18","date_gmt":"2013-08-26T20:12:18","guid":{"rendered":"http:\/\/ipv.salta.gov.ar\/?p=4386"},"modified":"2013-08-27T09:20:52","modified_gmt":"2013-08-27T11:20:52","slug":"en-rivadavia-el-ipv-continua-con-las-mejoras-en-la-vivienda-de-un-nino-con-cardiopatia","status":"publish","type":"post","link":"http:\/\/ipv.salta.gov.ar\/?p=4386","title":{"rendered":"EN RIVADAVIA EL IPV CONTIN\u00daA CON LAS MEJORAS EN LA VIVIENDA DE UN NI\u00d1O CON CARDIOPAT\u00cdA"},"content":{"rendered":"<p style=\"text-align: justify;\"><a href=\"http:\/\/ipv.salta.gov.ar\/wp-content\/uploads\/2013\/08\/IMG_9124.jpg\"><img decoding=\"async\" loading=\"lazy\" class=\"alignleft size-medium wp-image-4387\" alt=\"IMG_9124\" src=\"http:\/\/ipv.salta.gov.ar\/wp-content\/uploads\/2013\/08\/IMG_9124-300x200.jpg\" width=\"300\" height=\"200\" srcset=\"http:\/\/ipv.salta.gov.ar\/wp-content\/uploads\/2013\/08\/IMG_9124-300x200.jpg 300w, http:\/\/ipv.salta.gov.ar\/wp-content\/uploads\/2013\/08\/IMG_9124-1024x682.jpg 1024w\" sizes=\"(max-width: 300px) 100vw, 300px\" \/><\/a><strong>El titular del IPV y el intendente de Rivadavia Banda Sur acordaron la construcci\u00f3n de 20 soluciones habitacionales, correspondientes al plan provincial Recuperaci\u00f3n.<\/strong><\/p>\n<p style=\"text-align: justify;\"><!--more--><\/p>\n<p style=\"text-align: justify;\">El presidente del Instituto Provincial de Vivienda, Fernando Alesanco se reuni\u00f3 con el jefe comunal de Rivadavia Banda Sur, Leopoldo Cuenca, con quien firm\u00f3 un convenio para continuar realizando mejoras en una vivienda familiar de la localidad de La Uni\u00f3n, donde vive el menor Jos\u00e9 Luis Bohuid, quien padece de cardiopat\u00eda cong\u00e9nita compleja.<\/p>\n<p style=\"text-align: justify;\">El ni\u00f1o, de un a\u00f1o de edad, vive con su padre Julio Bohuid y hermanos en una casa que ya fue refaccionada por el Gobierno provincial a trav\u00e9s del IPV, para que el menor tenga mejores condiciones de vida.<\/p>\n<p style=\"text-align: justify;\">En un primer momento, por medio del programa provincial \u00abRecuperaci\u00f3n\u00bb se le construy\u00f3 una habitaci\u00f3n de 16 m2, acondicionada a las necesidades del menor, la misma fue entregada a la familia el mes pasado. En la oportunidad, los funcionarios provinciales y municipales presentes, rubricaron un convenio para la ejecuci\u00f3n de un ba\u00f1o completo de 10.76 m2 y una peque\u00f1a galer\u00eda techada, para proteger al ni\u00f1o de la lluvia y el sol.<\/p>\n<p style=\"text-align: justify;\">En una reuni\u00f3n con el padre del menor, Alesanco destac\u00f3 que \u00aben marzo nos pusimos en contacto con Julio y tomamos conocimiento del dif\u00edcil momento que atravesaba con la enfermedad del peque\u00f1o Jos\u00e9 Luis. Nosotros colaboraremos en todo lo que sea necesario para que el ni\u00f1o pueda vivir dignamente. Ya construimos un dormitorio, ahora haremos el ba\u00f1o. Ellos en un mes vuelven a Rivadavia y esperamos que en ese tiempo las obras concluyan\u00bb y a\u00f1adi\u00f3 \u00abhoy cuando me reun\u00ed con el pap\u00e1 de Jos\u00e9, me puse a su disposici\u00f3n y si es necesario haremos m\u00e1s intervenciones en la vivienda\u00bb.<\/p>\n<p style=\"text-align: justify;\">El presidente del IPV record\u00f3 que \u00abhace unos meses entregamos en Rivadavia una vivienda adaptada a los hermanos Acosta, que padecen de ictiosis cong\u00e9nita. Como Estado siempre estaremos presentes para brindar soluciones a las familias que la necesiten\u00bb.<\/p>\n<p style=\"text-align: justify;\"><b><i>Veinte soluciones habitacionales<\/i><\/b><\/p>\n<p style=\"text-align: justify;\">Asimismo, el titular del IPV y el intendente de Rivadavia Banda Sur acordaron la construcci\u00f3n de 20 soluciones habitacionales, correspondientes al plan provincial \u00abRecuperaci\u00f3n\u00bb.<\/p>\n<p style=\"text-align: justify;\">Las mismas est\u00e1n destinadas a familias con escasos recursos econ\u00f3micos y con terrenos que cuentan con las redes de infraestructura b\u00e1sica.<\/p>\n<p style=\"text-align: justify;\">La Provincia financiar\u00e1 la obra y el municipio tendr\u00e1 a su cargo la mano de obra y los materiales.<\/p>\n","protected":false},"excerpt":{"rendered":"<p>El titular del IPV y el intendente de Rivadavia Banda Sur acordaron la construcci\u00f3n de 20 soluciones habitacionales, correspondientes al plan provincial Recuperaci\u00f3n.<\/p>\n","protected":false},"author":3,"featured_media":0,"comment_status":"closed","ping_status":"open","sticky":false,"template":"","format":"standard","meta":{"footnotes":""},"categories":[4],"tags":[],"_links":{"self":[{"href":"http:\/\/ipv.salta.gov.ar\/index.php?rest_route=\/wp\/v2\/posts\/4386"}],"collection":[{"href":"http:\/\/ipv.salta.gov.ar\/index.php?rest_route=\/wp\/v2\/posts"}],"about":[{"href":"http:\/\/ipv.salta.gov.ar\/index.php?rest_route=\/wp\/v2\/types\/post"}],"author":[{"embeddable":true,"href":"http:\/\/ipv.salta.gov.ar\/index.php?rest_route=\/wp\/v2\/users\/3"}],"replies":[{"embeddable":true,"href":"http:\/\/ipv.salta.gov.ar\/index.php?rest_route=%2Fwp%2Fv2%2Fcomments&post=4386"}],"version-history":[{"count":2,"href":"http:\/\/ipv.salta.gov.ar\/index.php?rest_route=\/wp\/v2\/posts\/4386\/revisions"}],"predecessor-version":[{"id":4389,"href":"http:\/\/ipv.salta.gov.ar\/index.php?rest_route=\/wp\/v2\/posts\/4386\/revisions\/4389"}],"wp:attachment":[{"href":"http:\/\/ipv.salta.gov.ar\/index.php?rest_route=%2Fwp%2Fv2%2Fmedia&parent=4386"}],"wp:term":[{"taxonomy":"category","embeddable":true,"href":"http:\/\/ipv.salta.gov.ar\/index.php?rest_route=%2Fwp%2Fv2%2Fcategories&post=4386"},{"taxonomy":"post_tag","embeddable":true,"href":"http:\/\/ipv.salta.gov.ar\/index.php?rest_route=%2Fwp%2Fv2%2Ftags&post=4386"}],"curies":[{"name":"wp","href":"https:\/\/api.w.org\/{rel}","templated":true}]}}