{"id":4390,"date":"2013-08-23T13:53:43","date_gmt":"2013-08-23T15:53:43","guid":{"rendered":"http:\/\/ipv.salta.gov.ar\/?p=4390"},"modified":"2013-08-27T13:56:31","modified_gmt":"2013-08-27T15:56:31","slug":"vencio-la-prorroga-para-inscripcion-o-actualizacion-de-fichas-en-el-ipv","status":"publish","type":"post","link":"http:\/\/ipv.salta.gov.ar\/?p=4390","title":{"rendered":"VENCI\u00d3 LA PR\u00d3RROGA PARA INSCRIPCI\u00d3N O ACTUALIZACI\u00d3N DE FICHAS EN EL IPV"},"content":{"rendered":"<p style=\"text-align: justify;\"><a href=\"http:\/\/ipv.salta.gov.ar\/wp-content\/uploads\/2013\/01\/LOGO-ROJO-11.png\"><img decoding=\"async\" loading=\"lazy\" class=\"alignleft size-medium wp-image-3633\" alt=\"LOGO ROJO 1\" src=\"http:\/\/ipv.salta.gov.ar\/wp-content\/uploads\/2013\/01\/LOGO-ROJO-11-300x173.png\" width=\"300\" height=\"173\" srcset=\"http:\/\/ipv.salta.gov.ar\/wp-content\/uploads\/2013\/01\/LOGO-ROJO-11-300x173.png 300w, http:\/\/ipv.salta.gov.ar\/wp-content\/uploads\/2013\/01\/LOGO-ROJO-11.png 421w\" sizes=\"(max-width: 300px) 100vw, 300px\" \/><\/a><strong>Se recuerda a las personas que obtuvieron dicho n\u00famero sellado y firmado por personal del IPV, que deben presentarse en la sede del organismo el d\u00eda lunes o martes, seg\u00fan corresponda, a partir de las 7 horas para realizar su tr\u00e1mite.<\/strong><\/p>\n<p style=\"text-align: justify;\"><!--more--><\/p>\n<p style=\"text-align: justify;\">El Instituto Provincial de Vivienda informa que venci\u00f3 la pr\u00f3rroga para la actualizaci\u00f3n e inscripci\u00f3n de fichas para participar del pr\u00f3ximo sorteo de 500 viviendas  que se construyen en la Capital.<\/p>\n<p>El mes pasado el organismo dio a conocer que el pr\u00f3ximo 10 de septiembre se realizar\u00e1 el sorteo. Al respecto,  el presidente del IPV, Fernando Alesanco destac\u00f3 que \u201cse atendi\u00f3 a m\u00e1s de 400 personas s\u00f3lo en la jornada de hoy. Adem\u00e1s, por la concurrencia de gente que hubo se decidi\u00f3 entregar n\u00fameros a las personas que aguardaban desde temprano para que sean atendidos los d\u00edas lunes y martes pr\u00f3ximos. Nadie se fue sin su n\u00famero\u201d.<\/p>\n<p>Se recuerda a las personas que obtuvieron dicho n\u00famero sellado y firmado por personal del IPV, que deben presentarse en la sede del organismo el d\u00eda lunes o martes, seg\u00fan corresponda, a partir de las 7 horas para realizar su tr\u00e1mite.<\/p>\n<p>Una vez que se concluya con la recepci\u00f3n de los expedientes se trabajar\u00e1 en la base de datos para obtener el listado de participantes del sorteo. Se estima que la primera semana de septiembre estar\u00e1 disponible el padr\u00f3n para que las familias puedan consultar y conocer el n\u00famero con el que participar\u00e1n.<\/p>\n<p>Las viviendas se encuentran en plena construcci\u00f3n en la zona norte de la Ciudad y contar\u00e1n con dos dormitorios, ba\u00f1o, cocina, estar  &#8211; comedor y lavadero externo.<\/p>\n","protected":false},"excerpt":{"rendered":"<p>Se recuerda a las personas que obtuvieron dicho n\u00famero sellado y firmado por personal del IPV, que deben presentarse en la sede del organismo el d\u00eda lunes o martes, seg\u00fan corresponda, a partir de las 7 horas para realizar su tr\u00e1mite.<\/p>\n","protected":false},"author":3,"featured_media":0,"comment_status":"closed","ping_status":"open","sticky":false,"template":"","format":"standard","meta":{"footnotes":""},"categories":[4],"tags":[],"_links":{"self":[{"href":"http:\/\/ipv.salta.gov.ar\/index.php?rest_route=\/wp\/v2\/posts\/4390"}],"collection":[{"href":"http:\/\/ipv.salta.gov.ar\/index.php?rest_route=\/wp\/v2\/posts"}],"about":[{"href":"http:\/\/ipv.salta.gov.ar\/index.php?rest_route=\/wp\/v2\/types\/post"}],"author":[{"embeddable":true,"href":"http:\/\/ipv.salta.gov.ar\/index.php?rest_route=\/wp\/v2\/users\/3"}],"replies":[{"embeddable":true,"href":"http:\/\/ipv.salta.gov.ar\/index.php?rest_route=%2Fwp%2Fv2%2Fcomments&post=4390"}],"version-history":[{"count":1,"href":"http:\/\/ipv.salta.gov.ar\/index.php?rest_route=\/wp\/v2\/posts\/4390\/revisions"}],"predecessor-version":[{"id":4391,"href":"http:\/\/ipv.salta.gov.ar\/index.php?rest_route=\/wp\/v2\/posts\/4390\/revisions\/4391"}],"wp:attachment":[{"href":"http:\/\/ipv.salta.gov.ar\/index.php?rest_route=%2Fwp%2Fv2%2Fmedia&parent=4390"}],"wp:term":[{"taxonomy":"category","embeddable":true,"href":"http:\/\/ipv.salta.gov.ar\/index.php?rest_route=%2Fwp%2Fv2%2Fcategories&post=4390"},{"taxonomy":"post_tag","embeddable":true,"href":"http:\/\/ipv.salta.gov.ar\/index.php?rest_route=%2Fwp%2Fv2%2Ftags&post=4390"}],"curies":[{"name":"wp","href":"https:\/\/api.w.org\/{rel}","templated":true}]}}