{"id":4395,"date":"2013-08-29T09:24:08","date_gmt":"2013-08-29T11:24:08","guid":{"rendered":"http:\/\/ipv.salta.gov.ar\/?p=4395"},"modified":"2013-08-29T09:25:49","modified_gmt":"2013-08-29T11:25:49","slug":"mas-de-600-casas-construye-el-gobierno-en-la-zona-norte-capitalina","status":"publish","type":"post","link":"http:\/\/ipv.salta.gov.ar\/?p=4395","title":{"rendered":"M\u00c1S DE 600 CASAS CONSTRUYE EL GOBIERNO EN LA ZONA NORTE CAPITALINA"},"content":{"rendered":"<p style=\"text-align: justify;\"><a href=\"http:\/\/ipv.salta.gov.ar\/wp-content\/uploads\/2013\/08\/web-recorridaipv2.jpg\"><img decoding=\"async\" loading=\"lazy\" class=\"alignleft size-medium wp-image-4398\" alt=\"web-recorridaipv2\" src=\"http:\/\/ipv.salta.gov.ar\/wp-content\/uploads\/2013\/08\/web-recorridaipv2-300x193.jpg\" width=\"300\" height=\"193\" srcset=\"http:\/\/ipv.salta.gov.ar\/wp-content\/uploads\/2013\/08\/web-recorridaipv2-300x193.jpg 300w, http:\/\/ipv.salta.gov.ar\/wp-content\/uploads\/2013\/08\/web-recorridaipv2.jpg 560w\" sizes=\"(max-width: 300px) 100vw, 300px\" \/><\/a><strong>El presidente del Instituto Provincial de Vivienda (IPV), Fernando Alesanco, supervis\u00f3 las obras e inform\u00f3 que las 156 casas del barrio Mirasoles registran un avance f\u00edsico del 98%, de la cuales ocho est\u00e1n adaptadas para casos con discapacidad.<\/strong><\/p>\n<p style=\"text-align: justify;\"><!--more--><\/p>\n<p style=\"text-align: justify;\">En la zona norte de la Capital provincial, el Gobierno de Salta tiene en construcci\u00f3n varios emprendimientos habitacionales. El presidente del Instituto Provincial de Vivienda (IPV), Fernando Alesanco, supervis\u00f3 las obras e inform\u00f3 que las 156 casas del barrio Mirasoles registran un avance f\u00edsico del 98%, de la cuales ocho est\u00e1n adaptadas para casos con discapacidad.<\/p>\n<p style=\"text-align: justify;\">Esas 156 viviendas son parte de las 624 que componen el barrio Mirasoles y que pertenecen al Programa Federal Plurianual de Construcci\u00f3n de Viviendas.<\/p>\n<p style=\"text-align: justify;\">El funcionario tambi\u00e9n recibi\u00f3 informaci\u00f3n de los trabajos que se hacen en la zona de El Huaico, donde se levantan otras 500 viviendas. Ese grupo ser\u00e1 sorteado el pr\u00f3ximo 10 de septiembre.<\/p>\n<p style=\"text-align: justify;\">Alesanco inform\u00f3 que las 500 viviendas tienen un avance promedio del 40% y que est\u00e1n cumpliendo los plazos establecidos para su ejecuci\u00f3n. Adelant\u00f3 adem\u00e1s que las 156 viviendas de Mirasoles se entregar\u00e1n en las pr\u00f3ximas semanas.<\/p>\n<p style=\"text-align: justify;\">Durante la visita de obra tambi\u00e9n constat\u00f3 la pavimentaci\u00f3n de la avenida principal del barrio, donde se trabaja en la segunda mano de la calzada.<\/p>\n","protected":false},"excerpt":{"rendered":"<p>El presidente del Instituto Provincial de Vivienda (IPV), Fernando Alesanco, supervis\u00f3 las obras e inform\u00f3 que las 156 casas del barrio Mirasoles registran un avance f\u00edsico del 98%, de la cuales ocho est\u00e1n adaptadas para casos con discapacidad.<\/p>\n","protected":false},"author":3,"featured_media":0,"comment_status":"closed","ping_status":"open","sticky":false,"template":"","format":"standard","meta":{"footnotes":""},"categories":[4],"tags":[],"_links":{"self":[{"href":"http:\/\/ipv.salta.gov.ar\/index.php?rest_route=\/wp\/v2\/posts\/4395"}],"collection":[{"href":"http:\/\/ipv.salta.gov.ar\/index.php?rest_route=\/wp\/v2\/posts"}],"about":[{"href":"http:\/\/ipv.salta.gov.ar\/index.php?rest_route=\/wp\/v2\/types\/post"}],"author":[{"embeddable":true,"href":"http:\/\/ipv.salta.gov.ar\/index.php?rest_route=\/wp\/v2\/users\/3"}],"replies":[{"embeddable":true,"href":"http:\/\/ipv.salta.gov.ar\/index.php?rest_route=%2Fwp%2Fv2%2Fcomments&post=4395"}],"version-history":[{"count":3,"href":"http:\/\/ipv.salta.gov.ar\/index.php?rest_route=\/wp\/v2\/posts\/4395\/revisions"}],"predecessor-version":[{"id":4397,"href":"http:\/\/ipv.salta.gov.ar\/index.php?rest_route=\/wp\/v2\/posts\/4395\/revisions\/4397"}],"wp:attachment":[{"href":"http:\/\/ipv.salta.gov.ar\/index.php?rest_route=%2Fwp%2Fv2%2Fmedia&parent=4395"}],"wp:term":[{"taxonomy":"category","embeddable":true,"href":"http:\/\/ipv.salta.gov.ar\/index.php?rest_route=%2Fwp%2Fv2%2Fcategories&post=4395"},{"taxonomy":"post_tag","embeddable":true,"href":"http:\/\/ipv.salta.gov.ar\/index.php?rest_route=%2Fwp%2Fv2%2Ftags&post=4395"}],"curies":[{"name":"wp","href":"https:\/\/api.w.org\/{rel}","templated":true}]}}