{"id":4400,"date":"2013-08-29T08:31:24","date_gmt":"2013-08-29T10:31:24","guid":{"rendered":"http:\/\/ipv.salta.gov.ar\/?p=4400"},"modified":"2013-08-29T09:33:44","modified_gmt":"2013-08-29T11:33:44","slug":"se-delimitan-espacios-para-los-estacionamientos-de-los-departamentos-monoambientes","status":"publish","type":"post","link":"http:\/\/ipv.salta.gov.ar\/?p=4400","title":{"rendered":"SE DELIMITAN ESPACIOS PARA LOS ESTACIONAMIENTOS DE LOS DEPARTAMENTOS MONOAMBIENTES"},"content":{"rendered":"<p><a href=\"http:\/\/ipv.salta.gov.ar\/wp-content\/uploads\/2013\/08\/web-recorridaipv.jpg\"><img decoding=\"async\" loading=\"lazy\" class=\"alignleft size-medium wp-image-4401\" alt=\"web-recorridaipv\" src=\"http:\/\/ipv.salta.gov.ar\/wp-content\/uploads\/2013\/08\/web-recorridaipv-300x193.jpg\" width=\"300\" height=\"193\" srcset=\"http:\/\/ipv.salta.gov.ar\/wp-content\/uploads\/2013\/08\/web-recorridaipv-300x193.jpg 300w, http:\/\/ipv.salta.gov.ar\/wp-content\/uploads\/2013\/08\/web-recorridaipv.jpg 560w\" sizes=\"(max-width: 300px) 100vw, 300px\" \/><\/a><strong>La obra presenta un avance f\u00edsico del 55%. En el lugar se hacen trabajo la limpieza y nivelaci\u00f3n del terreno para luego compactarlo y delimitar los estacionamientos con cord\u00f3n cuneta y enripiado. Se prev\u00e9 la demarcaci\u00f3n horizontal que limitar\u00e1 cada espacio de cada departamento.<\/strong><\/p>\n<p><!--more--><\/p>\n<p>El presidente del Instituto Provincial de Vivienda (IPV), Fernando Alesanco, supervis\u00f3 la construcci\u00f3n del estacionamiento para los 1.008 monoambientes que ejecuta la la Secretar\u00eda de Obras P\u00fablicas.<\/p>\n<p>La obra presenta un avance f\u00edsico del 55%. En el lugar se hacen trabajo la limpieza y nivelaci\u00f3n del terreno para luego compactarlo y delimitar los estacionamientos con cord\u00f3n cuneta y enripiado. Tambi\u00e9n est\u00e1 prevista la demarcaci\u00f3n horizontal que limitar\u00e1 cada espacio con la numeraci\u00f3n correspondiente a cada departamento.<\/p>\n<p>Alesanco explic\u00f3 que el plazo de obra es de dos meses y que hacia el sector este de la avenida principal ya se avanz\u00f3 con la ejecuci\u00f3n de los cordones cunetas. Para esta obra el Gobierno provincial estableci\u00f3 un presupuesto de $998.052,64.<\/p>\n","protected":false},"excerpt":{"rendered":"<p>La obra presenta un avance f\u00edsico del 55%. En el lugar se hacen trabajo la limpieza y nivelaci\u00f3n del terreno para luego compactarlo y delimitar los estacionamientos con cord\u00f3n cuneta y enripiado. Se prev\u00e9 la demarcaci\u00f3n horizontal que limitar\u00e1 cada espacio de cada departamento.<\/p>\n","protected":false},"author":3,"featured_media":0,"comment_status":"closed","ping_status":"open","sticky":false,"template":"","format":"standard","meta":{"footnotes":""},"categories":[4],"tags":[],"_links":{"self":[{"href":"http:\/\/ipv.salta.gov.ar\/index.php?rest_route=\/wp\/v2\/posts\/4400"}],"collection":[{"href":"http:\/\/ipv.salta.gov.ar\/index.php?rest_route=\/wp\/v2\/posts"}],"about":[{"href":"http:\/\/ipv.salta.gov.ar\/index.php?rest_route=\/wp\/v2\/types\/post"}],"author":[{"embeddable":true,"href":"http:\/\/ipv.salta.gov.ar\/index.php?rest_route=\/wp\/v2\/users\/3"}],"replies":[{"embeddable":true,"href":"http:\/\/ipv.salta.gov.ar\/index.php?rest_route=%2Fwp%2Fv2%2Fcomments&post=4400"}],"version-history":[{"count":1,"href":"http:\/\/ipv.salta.gov.ar\/index.php?rest_route=\/wp\/v2\/posts\/4400\/revisions"}],"predecessor-version":[{"id":4402,"href":"http:\/\/ipv.salta.gov.ar\/index.php?rest_route=\/wp\/v2\/posts\/4400\/revisions\/4402"}],"wp:attachment":[{"href":"http:\/\/ipv.salta.gov.ar\/index.php?rest_route=%2Fwp%2Fv2%2Fmedia&parent=4400"}],"wp:term":[{"taxonomy":"category","embeddable":true,"href":"http:\/\/ipv.salta.gov.ar\/index.php?rest_route=%2Fwp%2Fv2%2Fcategories&post=4400"},{"taxonomy":"post_tag","embeddable":true,"href":"http:\/\/ipv.salta.gov.ar\/index.php?rest_route=%2Fwp%2Fv2%2Ftags&post=4400"}],"curies":[{"name":"wp","href":"https:\/\/api.w.org\/{rel}","templated":true}]}}