{"id":4405,"date":"2013-09-02T10:22:10","date_gmt":"2013-09-02T12:22:10","guid":{"rendered":"http:\/\/ipv.salta.gov.ar\/?p=4405"},"modified":"2013-09-02T10:22:10","modified_gmt":"2013-09-02T12:22:10","slug":"el-ipv-construira-una-vivienda-para-la-familia-del-nino-que-sufre-de-cardiopatia","status":"publish","type":"post","link":"http:\/\/ipv.salta.gov.ar\/?p=4405","title":{"rendered":"EL IPV CONSTRUIR\u00c1 UNA VIVIENDA PARA LA FAMILIA DEL NI\u00d1O QUE SUFRE DE CARDIOPAT\u00cdA"},"content":{"rendered":"<p style=\"text-align: justify;\"><a href=\"http:\/\/ipv.salta.gov.ar\/wp-content\/uploads\/2013\/09\/websalta-presidente-del-ipv-convenio_1.jpg\"><img decoding=\"async\" loading=\"lazy\" class=\"alignleft size-medium wp-image-4406\" alt=\"websalta-presidente-del-ipv-convenio_(1)\" src=\"http:\/\/ipv.salta.gov.ar\/wp-content\/uploads\/2013\/09\/websalta-presidente-del-ipv-convenio_1-300x193.jpg\" width=\"300\" height=\"193\" srcset=\"http:\/\/ipv.salta.gov.ar\/wp-content\/uploads\/2013\/09\/websalta-presidente-del-ipv-convenio_1-300x193.jpg 300w, http:\/\/ipv.salta.gov.ar\/wp-content\/uploads\/2013\/09\/websalta-presidente-del-ipv-convenio_1.jpg 560w\" sizes=\"(max-width: 300px) 100vw, 300px\" \/><\/a><strong>Tras un nuevo pedido de Bohuid de edificar un ba\u00f1o completo, el IPV no neg\u00f3 la ayuda y adem\u00e1s decidi\u00f3 construir una vivienda en el mismo terreno donde ya fue edificada y entregada la habitaci\u00f3n. La nueva construcci\u00f3n consistir\u00e1 en una habitaci\u00f3n m\u00e1s, ba\u00f1o completo, cocina \u2013 comedor y lavadero externo.<\/strong><\/p>\n<p style=\"text-align: justify;\"><!--more--><\/p>\n<p style=\"text-align: justify;\">El presidente del Instituto Provincial de Vivienda, Fernando Alesanco recibi\u00f3 a Julio Bohuid, padre del beb\u00e9 que padece de cardiopat\u00eda cong\u00e9nita compleja y reside en la localidad de La Uni\u00f3n, Rivadavia Banda Sur, con el objetivo de ponerlo en conocimiento sobre la concreci\u00f3n de una vivienda para que el ni\u00f1o pueda vivir dignamente su enfermedad.<\/p>\n<p style=\"text-align: justify;\">Jos\u00e9 Luis, de un a\u00f1o de edad ya fue sometido a tres operaciones del coraz\u00f3n y contin\u00faa con tratamientos. Por su enfermedad necesita un lugar c\u00f3modo para vivir. El Gobierno provincial, a trav\u00e9s del IPV tom\u00f3 conocimiento de la situaci\u00f3n de esta familia en el mes de marzo, cuando se entrevistaron por primera vez con el padre del menor. En aquella oportunidad, Julio solicit\u00f3 una habitaci\u00f3n para que el ni\u00f1o tenga su lugar en la casa, pedido que fue materializado por el organismo provincial.<\/p>\n<p style=\"text-align: justify;\">Tras un nuevo pedido de Bohuid de edificar un ba\u00f1o completo, el IPV no neg\u00f3 la ayuda y adem\u00e1s decidi\u00f3 construir una vivienda en el mismo terreno donde ya fue edificada y entregada la habitaci\u00f3n. La nueva construcci\u00f3n consistir\u00e1 en una habitaci\u00f3n m\u00e1s, ba\u00f1o completo, cocina \u2013 comedor y lavadero externo.<\/p>\n<p style=\"text-align: justify;\">La vivienda se concretar\u00e1 por medio de un convenio que ser\u00e1 rubricado la pr\u00f3xima semana entre el titular del IPV y el intendente de Rivadavia Banda Sur.<\/p>\n<p style=\"text-align: justify;\">En la reuni\u00f3n tambi\u00e9n estuvo presente Graciela Alfaro, directora de Ni\u00f1ez del Ministerio de Derechos Humanos, quien se puso a disposici\u00f3n de la familia y acordaron primeramente el traslado de \u00fatiles y mercader\u00eda a los hermanos de Jos\u00e9 Luis, que se encuentran en La Uni\u00f3n. Asimismo, se brindar\u00e1 contenci\u00f3n a la familia.<\/p>\n<p style=\"text-align: justify;\">Por su parte, el pap\u00e1 de Jos\u00e9 Luis manifest\u00f3 que \u201cconcretamos la construcci\u00f3n de la casa que necesita el beb\u00e9, estoy  agradecido con Alesanco. La gente del IPV estuvo en La Uni\u00f3n mirando lo que se concretar\u00e1\u201d y coment\u00f3 que primeramente \u201cpedimos la habitaci\u00f3n acondicionada para \u00e9l, se la hizo en marzo y nos entregaron la misma en junio para habitarla\u201d.<\/p>\n<p style=\"text-align: justify;\">Julio solicit\u00f3 al Ministerio de Derechos Humanos asistencia para los hermanos del menor y la madre.<\/p>\n<p style=\"text-align: justify;\">En tanto, Alesanco destac\u00f3 \u201ceste caso no es nuevo para nosotros, desde marzo que estamos en contacto con el padre del ni\u00f1o y los ayudamos concretando los pedidos que nos hac\u00eda como la habitaci\u00f3n que ya se termin\u00f3 y entreg\u00f3. El Gobernador est\u00e1 al tanto de la situaci\u00f3n y es su voluntad que esta familia viva dignamente, le construiremos la vivienda y desde los otros organismos del Gobierno tambi\u00e9n se los ayudar\u00e1\u201d.<\/p>\n","protected":false},"excerpt":{"rendered":"<p>Tras un nuevo pedido de Bohuid de edificar un ba\u00f1o completo, el IPV no neg\u00f3 la ayuda y adem\u00e1s decidi\u00f3 construir una vivienda en el mismo terreno donde ya fue edificada y entregada la habitaci\u00f3n. La nueva construcci\u00f3n consistir\u00e1 en una habitaci\u00f3n m\u00e1s, ba\u00f1o completo, cocina \u2013 comedor y lavadero externo.<\/p>\n","protected":false},"author":3,"featured_media":0,"comment_status":"closed","ping_status":"open","sticky":false,"template":"","format":"standard","meta":{"footnotes":""},"categories":[4],"tags":[],"_links":{"self":[{"href":"http:\/\/ipv.salta.gov.ar\/index.php?rest_route=\/wp\/v2\/posts\/4405"}],"collection":[{"href":"http:\/\/ipv.salta.gov.ar\/index.php?rest_route=\/wp\/v2\/posts"}],"about":[{"href":"http:\/\/ipv.salta.gov.ar\/index.php?rest_route=\/wp\/v2\/types\/post"}],"author":[{"embeddable":true,"href":"http:\/\/ipv.salta.gov.ar\/index.php?rest_route=\/wp\/v2\/users\/3"}],"replies":[{"embeddable":true,"href":"http:\/\/ipv.salta.gov.ar\/index.php?rest_route=%2Fwp%2Fv2%2Fcomments&post=4405"}],"version-history":[{"count":1,"href":"http:\/\/ipv.salta.gov.ar\/index.php?rest_route=\/wp\/v2\/posts\/4405\/revisions"}],"predecessor-version":[{"id":4407,"href":"http:\/\/ipv.salta.gov.ar\/index.php?rest_route=\/wp\/v2\/posts\/4405\/revisions\/4407"}],"wp:attachment":[{"href":"http:\/\/ipv.salta.gov.ar\/index.php?rest_route=%2Fwp%2Fv2%2Fmedia&parent=4405"}],"wp:term":[{"taxonomy":"category","embeddable":true,"href":"http:\/\/ipv.salta.gov.ar\/index.php?rest_route=%2Fwp%2Fv2%2Fcategories&post=4405"},{"taxonomy":"post_tag","embeddable":true,"href":"http:\/\/ipv.salta.gov.ar\/index.php?rest_route=%2Fwp%2Fv2%2Ftags&post=4405"}],"curies":[{"name":"wp","href":"https:\/\/api.w.org\/{rel}","templated":true}]}}