{"id":4408,"date":"2013-09-02T16:20:08","date_gmt":"2013-09-02T18:20:08","guid":{"rendered":"http:\/\/ipv.salta.gov.ar\/?p=4408"},"modified":"2013-09-03T13:34:13","modified_gmt":"2013-09-03T15:34:13","slug":"se-construiran-20-soluciones-habitacionales-en-vaqueros","status":"publish","type":"post","link":"http:\/\/ipv.salta.gov.ar\/?p=4408","title":{"rendered":"SE CONSTRUIR\u00c1N 20 SOLUCIONES HABITACIONALES EN VAQUEROS"},"content":{"rendered":"<p><a href=\"http:\/\/ipv.salta.gov.ar\/wp-content\/uploads\/2013\/09\/CONVENIO-VAQUEROS.jpg\"><img decoding=\"async\" loading=\"lazy\" class=\"alignleft size-medium wp-image-4409\" alt=\"CONVENIO VAQUEROS\" src=\"http:\/\/ipv.salta.gov.ar\/wp-content\/uploads\/2013\/09\/CONVENIO-VAQUEROS-300x200.jpg\" width=\"300\" height=\"200\" srcset=\"http:\/\/ipv.salta.gov.ar\/wp-content\/uploads\/2013\/09\/CONVENIO-VAQUEROS-300x200.jpg 300w, http:\/\/ipv.salta.gov.ar\/wp-content\/uploads\/2013\/09\/CONVENIO-VAQUEROS-1024x682.jpg 1024w\" sizes=\"(max-width: 300px) 100vw, 300px\" \/><\/a><strong>Pertenecen al programa Recuperaci\u00f3n y se construir\u00e1n con fondos de la Provincia.<\/strong><\/p>\n<p><!--more--><\/p>\n<p>El presidente del Instituto Provincial de Vivienda, Fernando Alesanco, rubric\u00f3 un convenio con el intendente de Vaqueros, Daniel Moreno para la construcci\u00f3n de 20 soluciones habitacionales.<\/p>\n<p>Los trabajos que se realizar\u00e1n pertenecen al Programa Provincial \u201cRecuperaci\u00f3n\u201d, que consiste en completar la vivienda ya existente con la construcci\u00f3n de un dormitorio y una cocina comedor o bien dos dormitorios, seg\u00fan la necesidad habitacional de la familia beneficiaria. La edificaci\u00f3n es llevada adelante en el terreno de los adjudicatarios propuestos por el municipio.<\/p>\n<p>La ejecuci\u00f3n estar\u00e1 a cargo del Municipio quien llevar\u00e1 adelante la coordinaci\u00f3n t\u00e9cnica, mano de obra, materiales y supervisi\u00f3n de la terminaci\u00f3n de los trabajos.<\/p>\n<p>El titular del IPV expres\u00f3 que  \u00aba trav\u00e9s de  estos acuerdos, las familias que por sus ingresos no pueden acceder a los planes tradicionales del organismo pueden solucionar su problem\u00e1tica habitacional y mejorar su calidad de vida\u00bb.<\/p>\n<p>Adem\u00e1s, en el municipio se encuentran en ejecuci\u00f3n 10 soluciones habitacionales con un avance del 73% y recientemente iniciadas 10 viviendas del Programa Mejor Vivir.<\/p>\n","protected":false},"excerpt":{"rendered":"<p>Pertenecen al programa Recuperaci\u00f3n y se construir\u00e1n con fondos de la Provincia.<\/p>\n","protected":false},"author":3,"featured_media":0,"comment_status":"closed","ping_status":"open","sticky":false,"template":"","format":"standard","meta":{"footnotes":""},"categories":[4],"tags":[],"_links":{"self":[{"href":"http:\/\/ipv.salta.gov.ar\/index.php?rest_route=\/wp\/v2\/posts\/4408"}],"collection":[{"href":"http:\/\/ipv.salta.gov.ar\/index.php?rest_route=\/wp\/v2\/posts"}],"about":[{"href":"http:\/\/ipv.salta.gov.ar\/index.php?rest_route=\/wp\/v2\/types\/post"}],"author":[{"embeddable":true,"href":"http:\/\/ipv.salta.gov.ar\/index.php?rest_route=\/wp\/v2\/users\/3"}],"replies":[{"embeddable":true,"href":"http:\/\/ipv.salta.gov.ar\/index.php?rest_route=%2Fwp%2Fv2%2Fcomments&post=4408"}],"version-history":[{"count":2,"href":"http:\/\/ipv.salta.gov.ar\/index.php?rest_route=\/wp\/v2\/posts\/4408\/revisions"}],"predecessor-version":[{"id":4411,"href":"http:\/\/ipv.salta.gov.ar\/index.php?rest_route=\/wp\/v2\/posts\/4408\/revisions\/4411"}],"wp:attachment":[{"href":"http:\/\/ipv.salta.gov.ar\/index.php?rest_route=%2Fwp%2Fv2%2Fmedia&parent=4408"}],"wp:term":[{"taxonomy":"category","embeddable":true,"href":"http:\/\/ipv.salta.gov.ar\/index.php?rest_route=%2Fwp%2Fv2%2Fcategories&post=4408"},{"taxonomy":"post_tag","embeddable":true,"href":"http:\/\/ipv.salta.gov.ar\/index.php?rest_route=%2Fwp%2Fv2%2Ftags&post=4408"}],"curies":[{"name":"wp","href":"https:\/\/api.w.org\/{rel}","templated":true}]}}