{"id":4412,"date":"2013-09-02T19:34:21","date_gmt":"2013-09-02T21:34:21","guid":{"rendered":"http:\/\/ipv.salta.gov.ar\/?p=4412"},"modified":"2013-09-03T13:36:41","modified_gmt":"2013-09-03T15:36:41","slug":"se-firmo-el-convenio-de-construccion-de-la-vivienda-para-el-nino-que-sufre-cardiopatia","status":"publish","type":"post","link":"http:\/\/ipv.salta.gov.ar\/?p=4412","title":{"rendered":"SE FIRM\u00d3 EL CONVENIO DE CONSTRUCCI\u00d3N DE LA VIVIENDA PARA EL NI\u00d1O QUE SUFRE CARDIOPAT\u00cdA"},"content":{"rendered":"<p><a href=\"http:\/\/ipv.salta.gov.ar\/wp-content\/uploads\/2013\/09\/CONV-NI\u00d1O-CARDIOPATIA.jpg\"><img decoding=\"async\" loading=\"lazy\" class=\"alignleft size-medium wp-image-4413\" alt=\"CONV NI\u00d1O CARDIOPATIA\" src=\"http:\/\/ipv.salta.gov.ar\/wp-content\/uploads\/2013\/09\/CONV-NI\u00d1O-CARDIOPATIA-300x200.jpg\" width=\"300\" height=\"200\" srcset=\"http:\/\/ipv.salta.gov.ar\/wp-content\/uploads\/2013\/09\/CONV-NI\u00d1O-CARDIOPATIA-300x200.jpg 300w, http:\/\/ipv.salta.gov.ar\/wp-content\/uploads\/2013\/09\/CONV-NI\u00d1O-CARDIOPATIA-1024x682.jpg 1024w\" sizes=\"(max-width: 300px) 100vw, 300px\" \/><\/a><strong>La nueva construcci\u00f3n consistir\u00e1 en una habitaci\u00f3n m\u00e1s, ba\u00f1o completo, cocina \u2013 comedor y lavadero externo.<\/strong><\/p>\n<p><!--more--><\/p>\n<p>El presidente del Instituto Provincial de Vivienda, Fernando Alesanco se reuni\u00f3 con el intendente de Rivadavia Banda Sur, Leopoldo Cuenca para rubricar el convenio que permitir\u00e1 el acceso a una casa propia a la familia de Jos\u00e9 Luis Bohuid, el beb\u00e9 con cardiopat\u00eda cong\u00e9nita compleja.<\/p>\n<p>La semana pasada el titular del IPV, se reuni\u00f3 con el padre del menor para informarle que el Gobierno construir\u00e1 una casa en la localidad de La Uni\u00f3n, para que Jos\u00e9 Luis resida junto a su familia y cuente con mejores condiciones de vida por su enfermedad. Hoy se concret\u00f3 la firma del acuerdo y en las pr\u00f3ximas semanas comenzar\u00e1 la construcci\u00f3n.<\/p>\n<p>El Gobierno provincial, a trav\u00e9s del IPV tom\u00f3 conocimiento de la situaci\u00f3n de esta familia en el mes de marzo, cuando se entrevistaron por primera vez con el padre del menor. En aquella oportunidad, solicitaron una habitaci\u00f3n para que el ni\u00f1o tenga su lugar en la casa, pedido que fue materializado por el organismo provincial.<\/p>\n<p>Tras un nuevo pedido de Bohuid de edificar un ba\u00f1o completo, el IPV decidi\u00f3 construir una vivienda en el mismo terreno donde ya fue edificada y entregada la habitaci\u00f3n. La nueva construcci\u00f3n consistir\u00e1 en una habitaci\u00f3n m\u00e1s, ba\u00f1o completo, cocina \u2013 comedor y lavadero externo.<\/p>\n","protected":false},"excerpt":{"rendered":"<p>La nueva construcci\u00f3n consistir\u00e1 en una habitaci\u00f3n m\u00e1s, ba\u00f1o completo, cocina \u2013 comedor y lavadero externo.<\/p>\n","protected":false},"author":3,"featured_media":0,"comment_status":"closed","ping_status":"open","sticky":false,"template":"","format":"standard","meta":{"footnotes":""},"categories":[4],"tags":[],"_links":{"self":[{"href":"http:\/\/ipv.salta.gov.ar\/index.php?rest_route=\/wp\/v2\/posts\/4412"}],"collection":[{"href":"http:\/\/ipv.salta.gov.ar\/index.php?rest_route=\/wp\/v2\/posts"}],"about":[{"href":"http:\/\/ipv.salta.gov.ar\/index.php?rest_route=\/wp\/v2\/types\/post"}],"author":[{"embeddable":true,"href":"http:\/\/ipv.salta.gov.ar\/index.php?rest_route=\/wp\/v2\/users\/3"}],"replies":[{"embeddable":true,"href":"http:\/\/ipv.salta.gov.ar\/index.php?rest_route=%2Fwp%2Fv2%2Fcomments&post=4412"}],"version-history":[{"count":1,"href":"http:\/\/ipv.salta.gov.ar\/index.php?rest_route=\/wp\/v2\/posts\/4412\/revisions"}],"predecessor-version":[{"id":4414,"href":"http:\/\/ipv.salta.gov.ar\/index.php?rest_route=\/wp\/v2\/posts\/4412\/revisions\/4414"}],"wp:attachment":[{"href":"http:\/\/ipv.salta.gov.ar\/index.php?rest_route=%2Fwp%2Fv2%2Fmedia&parent=4412"}],"wp:term":[{"taxonomy":"category","embeddable":true,"href":"http:\/\/ipv.salta.gov.ar\/index.php?rest_route=%2Fwp%2Fv2%2Fcategories&post=4412"},{"taxonomy":"post_tag","embeddable":true,"href":"http:\/\/ipv.salta.gov.ar\/index.php?rest_route=%2Fwp%2Fv2%2Ftags&post=4412"}],"curies":[{"name":"wp","href":"https:\/\/api.w.org\/{rel}","templated":true}]}}