{"id":4419,"date":"2013-09-03T16:42:17","date_gmt":"2013-09-03T18:42:17","guid":{"rendered":"http:\/\/ipv.salta.gov.ar\/?p=4419"},"modified":"2013-09-03T16:42:17","modified_gmt":"2013-09-03T18:42:17","slug":"la-provincia-levanta-en-rio-piedras-20-casas-y-se-construiran-40-nucleos-humedos","status":"publish","type":"post","link":"http:\/\/ipv.salta.gov.ar\/?p=4419","title":{"rendered":"LA PROVINCIA LEVANTA EN R\u00cdO PIEDRAS 20 CASAS Y SE CONSTRUIR\u00c1N 40 N\u00daCLEOS H\u00daMEDOS"},"content":{"rendered":"<p><a href=\"http:\/\/ipv.salta.gov.ar\/wp-content\/uploads\/2013\/09\/websalta-gob-en-rio-de-las-piedras1.jpg\"><img decoding=\"async\" loading=\"lazy\" class=\"alignleft size-medium wp-image-4420\" alt=\"websalta-gob-en-rio-de-las-piedras1\" src=\"http:\/\/ipv.salta.gov.ar\/wp-content\/uploads\/2013\/09\/websalta-gob-en-rio-de-las-piedras1-300x193.jpg\" width=\"300\" height=\"193\" srcset=\"http:\/\/ipv.salta.gov.ar\/wp-content\/uploads\/2013\/09\/websalta-gob-en-rio-de-las-piedras1-300x193.jpg 300w, http:\/\/ipv.salta.gov.ar\/wp-content\/uploads\/2013\/09\/websalta-gob-en-rio-de-las-piedras1.jpg 560w\" sizes=\"(max-width: 300px) 100vw, 300px\" \/><\/a><strong>En la zona se est\u00e1n ejecutan 20 viviendas del programa Techo Digno. La construcci\u00f3n se inici\u00f3 hace tres meses y tiene un avance del 35%; cuentan con dos dormitorios, cocina, comedor, ba\u00f1o, lavadero externo y una superficie de 10 x 25 metros.<\/strong><\/p>\n<p><!--more--><\/p>\n<p>En el marco de la celebraci\u00f3n del combate de R\u00edo Piedras, el gobernador Juan Manuel Urtubey rubric\u00f3 el convenio celebrado entre el Instituto Provincial de la Vivienda (IPV) y la Municipalidad de R\u00edo Piedras para la construcci\u00f3n de 40 n\u00facleos h\u00famedos. Firmaron el acuerdo el intendente municipal Gustavo Dantur y el presidente del IPV, Fernando Alessanco.<\/p>\n<p>Los trabajos se realizar\u00e1n con fondos del IPV y demandar\u00e1n una inversi\u00f3n de 500 mil pesos.  Alessanco destac\u00f3 que los beneficiarios de estas obras surgieron del relevamiento realizado por el municipio, de acuerdo a prioridades locales.<\/p>\n<p>El funcionario provincial indic\u00f3 que en la zona se est\u00e1n ejecutan 20 viviendas del programa Techo Digno. La construcci\u00f3n se inici\u00f3 hace tres meses y tiene un avance del 35%; cuentan con dos dormitorios, cocina, comedor, ba\u00f1o, lavadero externo y una superficie de 10 x 25 metros.<\/p>\n<p>Esta ma\u00f1ana los vecinos de R\u00edo Piedras vivieron un d\u00eda especial porque recordaron el combate que lleva el nombre de la localidad. Agradecieron la presencia del gobernador Urtubey durante los actos oficiales que se celebraron en la plaza del pueblo.<\/p>\n<p>El combate de Las Piedras, como se lo llam\u00f3, se produjo a orillas del r\u00edo de las Piedras el 3 de septiembre de 1812 durante la guerra por la independencia argentina.<\/p>\n","protected":false},"excerpt":{"rendered":"<p>En la zona se est\u00e1n ejecutan 20 viviendas del programa Techo Digno. La construcci\u00f3n se inici\u00f3 hace tres meses y tiene un avance del 35%; cuentan con dos dormitorios, cocina, comedor, ba\u00f1o, lavadero externo y una superficie de 10 x 25 metros.<\/p>\n","protected":false},"author":3,"featured_media":0,"comment_status":"closed","ping_status":"open","sticky":false,"template":"","format":"standard","meta":{"footnotes":""},"categories":[4],"tags":[],"_links":{"self":[{"href":"http:\/\/ipv.salta.gov.ar\/index.php?rest_route=\/wp\/v2\/posts\/4419"}],"collection":[{"href":"http:\/\/ipv.salta.gov.ar\/index.php?rest_route=\/wp\/v2\/posts"}],"about":[{"href":"http:\/\/ipv.salta.gov.ar\/index.php?rest_route=\/wp\/v2\/types\/post"}],"author":[{"embeddable":true,"href":"http:\/\/ipv.salta.gov.ar\/index.php?rest_route=\/wp\/v2\/users\/3"}],"replies":[{"embeddable":true,"href":"http:\/\/ipv.salta.gov.ar\/index.php?rest_route=%2Fwp%2Fv2%2Fcomments&post=4419"}],"version-history":[{"count":1,"href":"http:\/\/ipv.salta.gov.ar\/index.php?rest_route=\/wp\/v2\/posts\/4419\/revisions"}],"predecessor-version":[{"id":4421,"href":"http:\/\/ipv.salta.gov.ar\/index.php?rest_route=\/wp\/v2\/posts\/4419\/revisions\/4421"}],"wp:attachment":[{"href":"http:\/\/ipv.salta.gov.ar\/index.php?rest_route=%2Fwp%2Fv2%2Fmedia&parent=4419"}],"wp:term":[{"taxonomy":"category","embeddable":true,"href":"http:\/\/ipv.salta.gov.ar\/index.php?rest_route=%2Fwp%2Fv2%2Fcategories&post=4419"},{"taxonomy":"post_tag","embeddable":true,"href":"http:\/\/ipv.salta.gov.ar\/index.php?rest_route=%2Fwp%2Fv2%2Ftags&post=4419"}],"curies":[{"name":"wp","href":"https:\/\/api.w.org\/{rel}","templated":true}]}}