{"id":4425,"date":"2013-09-04T20:30:22","date_gmt":"2013-09-04T22:30:22","guid":{"rendered":"http:\/\/ipv.salta.gov.ar\/?p=4425"},"modified":"2013-09-05T09:33:29","modified_gmt":"2013-09-05T11:33:29","slug":"mas-de-150-familias-cuentan-con-su-propia-vivienda-en-la-zona-norte","status":"publish","type":"post","link":"http:\/\/ipv.salta.gov.ar\/?p=4425","title":{"rendered":"M\u00c1S DE 150 FAMILIAS CUENTAN CON SU PROPIA VIVIENDA EN LA ZONA NORTE"},"content":{"rendered":"<p><a href=\"http:\/\/ipv.salta.gov.ar\/wp-content\/uploads\/2013\/09\/web-gobentregacasasenmirasoles3.jpg\"><img decoding=\"async\" loading=\"lazy\" class=\"alignleft size-medium wp-image-4426\" alt=\"web-gobentregacasasenmirasoles3\" src=\"http:\/\/ipv.salta.gov.ar\/wp-content\/uploads\/2013\/09\/web-gobentregacasasenmirasoles3-300x193.jpg\" width=\"300\" height=\"193\" srcset=\"http:\/\/ipv.salta.gov.ar\/wp-content\/uploads\/2013\/09\/web-gobentregacasasenmirasoles3-300x193.jpg 300w, http:\/\/ipv.salta.gov.ar\/wp-content\/uploads\/2013\/09\/web-gobentregacasasenmirasoles3.jpg 560w\" sizes=\"(max-width: 300px) 100vw, 300px\" \/><\/a><strong>El Gobernador encabez\u00f3 el acto en el barrio Mirasoles. Con esta entrega se completa la segunda etapa, con un total de 342 viviendas. \u201cCuando finalice el a\u00f1o vamos a superar el promedio de construcci\u00f3n de casas de los \u00faltimos a\u00f1os\u201d, asegur\u00f3 Urtubey.<\/strong><\/p>\n<p><!--more--><\/p>\n<p>El gobernador Juan Manuel Urtubey presidi\u00f3 esta tarde el acto de entrega de viviendas a 156 familias en barrio Mirasoles, en la zona norte de la Capital. Las casas entregadas, ocho de las cuales est\u00e1n adaptadas para casos de personas con discapacidad, pertenecen al Programa Federal Plurianual de Construcci\u00f3n de Viviendas.<\/p>\n<p>El complejo habitacional est\u00e1 compuesto por 624 unidades y con esta segunda etapa se entreg\u00f3 un total de 342 casas. Cabe destacar que la barriada se convertir\u00e1 en una de las zonas m\u00e1s urbanizadas.<\/p>\n<p>Durante su discurso Urtubey felicit\u00f3 a los nuevos adjudicatarios y destac\u00f3 que este a\u00f1o \u201cse entregaron m\u00e1s de 1500 viviendas y hay muchas m\u00e1s en ejecuci\u00f3n en la Provincia. Cuando finalice el a\u00f1o vamos a superar el promedio de construcci\u00f3n de casas de los \u00faltimos a\u00f1os\u201d.<\/p>\n<p>El Gobernador inst\u00f3 a los vecinos a comprometerse en el pago de las cuotas de sus viviendas, y as\u00ed conformar una cadena solidaria para que muchas otras familias tambi\u00e9n puedan acceder a sus casas, lo que beneficiar\u00e1 a muchos salte\u00f1os.<\/p>\n<p>\u201cHoy vemos esas caras llenas de esperanzas e ilusiones, esa llama que se enciende por tener esta nueva oportunidad de contar con su propia vivienda, y se ve expresada en el rostro de otras personas esa llama que a\u00fan se ilumina mucho m\u00e1s, porque pensaron que nunca iban a contar con este beneficio; ver esto nos llena de alegr\u00eda\u201d, asegur\u00f3 el mandatario a los vecinos presentes.<\/p>\n<p>El Gobernador tambi\u00e9n expres\u00f3 que \u201cno hay logros sin nuevos desaf\u00edos; hoy ustedes han alcanzado un logro y la vida les abri\u00f3 nuevos desaf\u00edos, porque a partir de hoy cuentan con ese lugar que tanto so\u00f1aron y antes nunca pudieron tener\u201d, concluy\u00f3.<\/p>\n<p>Finalizadas las palabras, el Gobernador junto a los beneficiaros, realiz\u00f3 el tradicional corte de cintas y recorri\u00f3 las viviendas entregadas.<\/p>\n<p>Las casas cuentan con estar comedor, cocina, dos dormitorios, ba\u00f1o y lavadero externo. Adem\u00e1s de los servicios  de agua, cloaca, gas, red el\u00e9ctrica (alumbrado p\u00fablico), veredas municipales y cord\u00f3n cuneta.<\/p>\n<p>Participaron de la entrega, el Representante del Gobierno ante Organismos Internacionales, Hern\u00e1n Cornejo, el presidente del Concejo Deliberante de Salta, a cargo del Municipio, Tom\u00e1s Rodr\u00edguez, el presidente de la C\u00e1mara de Diputados, Manuel Santiago Godoy y el titular del Instituto Provincial de la Vivienda, Fernando Alesanco.<\/p>\n<p>Adem\u00e1s estuvieron presentes el diputado provincial, Mat\u00edas Posadas, la gerente Social del IPV, Alicia Galli  y beneficiarios de las viviendas.<\/p>\n","protected":false},"excerpt":{"rendered":"<p>El Gobernador encabez\u00f3 el acto en el barrio Mirasoles. Con esta entrega se completa la segunda etapa, con un total de 342 viviendas. \u201cCuando finalice el a\u00f1o vamos a superar el promedio de construcci\u00f3n de casas de los \u00faltimos a\u00f1os\u201d, asegur\u00f3 Urtubey.<\/p>\n","protected":false},"author":3,"featured_media":0,"comment_status":"closed","ping_status":"open","sticky":false,"template":"","format":"standard","meta":{"footnotes":""},"categories":[4],"tags":[],"_links":{"self":[{"href":"http:\/\/ipv.salta.gov.ar\/index.php?rest_route=\/wp\/v2\/posts\/4425"}],"collection":[{"href":"http:\/\/ipv.salta.gov.ar\/index.php?rest_route=\/wp\/v2\/posts"}],"about":[{"href":"http:\/\/ipv.salta.gov.ar\/index.php?rest_route=\/wp\/v2\/types\/post"}],"author":[{"embeddable":true,"href":"http:\/\/ipv.salta.gov.ar\/index.php?rest_route=\/wp\/v2\/users\/3"}],"replies":[{"embeddable":true,"href":"http:\/\/ipv.salta.gov.ar\/index.php?rest_route=%2Fwp%2Fv2%2Fcomments&post=4425"}],"version-history":[{"count":2,"href":"http:\/\/ipv.salta.gov.ar\/index.php?rest_route=\/wp\/v2\/posts\/4425\/revisions"}],"predecessor-version":[{"id":4428,"href":"http:\/\/ipv.salta.gov.ar\/index.php?rest_route=\/wp\/v2\/posts\/4425\/revisions\/4428"}],"wp:attachment":[{"href":"http:\/\/ipv.salta.gov.ar\/index.php?rest_route=%2Fwp%2Fv2%2Fmedia&parent=4425"}],"wp:term":[{"taxonomy":"category","embeddable":true,"href":"http:\/\/ipv.salta.gov.ar\/index.php?rest_route=%2Fwp%2Fv2%2Fcategories&post=4425"},{"taxonomy":"post_tag","embeddable":true,"href":"http:\/\/ipv.salta.gov.ar\/index.php?rest_route=%2Fwp%2Fv2%2Ftags&post=4425"}],"curies":[{"name":"wp","href":"https:\/\/api.w.org\/{rel}","templated":true}]}}