{"id":4468,"date":"2013-09-23T21:01:36","date_gmt":"2013-09-23T23:01:36","guid":{"rendered":"http:\/\/ipv.salta.gov.ar\/?p=4468"},"modified":"2013-09-24T11:59:26","modified_gmt":"2013-09-24T13:59:26","slug":"en-diciembre-se-entregaran-100-viviendas-en-embarcacion","status":"publish","type":"post","link":"http:\/\/ipv.salta.gov.ar\/?p=4468","title":{"rendered":"EN DICIEMBRE SE ENTREGAR\u00c1N 100 VIVIENDAS EN EMBARCACI\u00d3N"},"content":{"rendered":"<p><strong><a href=\"http:\/\/ipv.salta.gov.ar\/wp-content\/uploads\/2013\/09\/Imagen-001.jpg\"><img decoding=\"async\" loading=\"lazy\" class=\"alignleft size-medium wp-image-4469\" alt=\"Imagen 001\" src=\"http:\/\/ipv.salta.gov.ar\/wp-content\/uploads\/2013\/09\/Imagen-001-300x200.jpg\" width=\"300\" height=\"200\" srcset=\"http:\/\/ipv.salta.gov.ar\/wp-content\/uploads\/2013\/09\/Imagen-001-300x200.jpg 300w, http:\/\/ipv.salta.gov.ar\/wp-content\/uploads\/2013\/09\/Imagen-001-1024x682.jpg 1024w\" sizes=\"(max-width: 300px) 100vw, 300px\" \/><\/a>El presidente del Instituto Provincial de Vivienda, Fernando Alesanco se reuni\u00f3 en la municipalidad de Embarcaci\u00f3n con familias beneficiarias de las viviendas que se encuentran en ejecuci\u00f3n en la localidad. El objetivo de la misma fue evacuar dudas respecto a la entrega de la obra y monto de cuotas.<\/strong><\/p>\n<p><!--more--><\/p>\n<p>El titular del organismo se dirigi\u00f3 hacia Embarcaci\u00f3n donde recibi\u00f3 a algunos beneficiarios de las 100 viviendas que se ejecutan en la localidad, durante la reuni\u00f3n Alesanco inform\u00f3 que el complejo habitacional estar\u00e1 listo para fin de a\u00f1o \u201cla obra est\u00e1 en marcha, hable personalmente con la empresa sobre el plazo de obra y para el mes de diciembre deber\u00eda estar finalizada, no se tendr\u00eda que extender m\u00e1s tiempo\u201d.<\/p>\n<p>Adem\u00e1s, las familias preadjucitarias solicitaron extender el plan de pago del ahorro previo y realizarlo en tres cuotas, a lo que Alesanco hizo lugar y explic\u00f3 que la financiaci\u00f3n de la vivienda ser\u00e1 a 360 meses, plazo m\u00e1ximo que establece la ley.<\/p>\n<p>Finalmente, el presidente del IPV dio detalles de la obra y sobre los materiales que se utilizan para llevarla adelante \u201clos materiales son todos de primera calidad y los aprobado por la Subsecretar\u00eda de Vivienda y Desarrollo Urbano de la Naci\u00f3n\u201d.<\/p>\n<p>Las unidades habitacionales pertenecen al Programa Federal Plurianual y tienen un avance f\u00edsico del 90%, cuentan con estar \u2013 comedor, cocina, dos dormitorios, ba\u00f1o y lavadero externo. Cinco de las casas est\u00e1n adaptadas para casos con discapacidad.<\/p>\n","protected":false},"excerpt":{"rendered":"<p>El presidente del Instituto Provincial de Vivienda, Fernando Alesanco se reuni\u00f3 en la municipalidad de Embarcaci\u00f3n con familias beneficiarias de las viviendas que se encuentran en ejecuci\u00f3n en la localidad. El objetivo de la misma fue evacuar dudas respecto a la entrega de la obra y monto de cuotas.<\/p>\n","protected":false},"author":3,"featured_media":0,"comment_status":"closed","ping_status":"open","sticky":false,"template":"","format":"standard","meta":{"footnotes":""},"categories":[4],"tags":[],"_links":{"self":[{"href":"http:\/\/ipv.salta.gov.ar\/index.php?rest_route=\/wp\/v2\/posts\/4468"}],"collection":[{"href":"http:\/\/ipv.salta.gov.ar\/index.php?rest_route=\/wp\/v2\/posts"}],"about":[{"href":"http:\/\/ipv.salta.gov.ar\/index.php?rest_route=\/wp\/v2\/types\/post"}],"author":[{"embeddable":true,"href":"http:\/\/ipv.salta.gov.ar\/index.php?rest_route=\/wp\/v2\/users\/3"}],"replies":[{"embeddable":true,"href":"http:\/\/ipv.salta.gov.ar\/index.php?rest_route=%2Fwp%2Fv2%2Fcomments&post=4468"}],"version-history":[{"count":2,"href":"http:\/\/ipv.salta.gov.ar\/index.php?rest_route=\/wp\/v2\/posts\/4468\/revisions"}],"predecessor-version":[{"id":4479,"href":"http:\/\/ipv.salta.gov.ar\/index.php?rest_route=\/wp\/v2\/posts\/4468\/revisions\/4479"}],"wp:attachment":[{"href":"http:\/\/ipv.salta.gov.ar\/index.php?rest_route=%2Fwp%2Fv2%2Fmedia&parent=4468"}],"wp:term":[{"taxonomy":"category","embeddable":true,"href":"http:\/\/ipv.salta.gov.ar\/index.php?rest_route=%2Fwp%2Fv2%2Fcategories&post=4468"},{"taxonomy":"post_tag","embeddable":true,"href":"http:\/\/ipv.salta.gov.ar\/index.php?rest_route=%2Fwp%2Fv2%2Ftags&post=4468"}],"curies":[{"name":"wp","href":"https:\/\/api.w.org\/{rel}","templated":true}]}}