{"id":4471,"date":"2013-09-23T14:56:13","date_gmt":"2013-09-23T16:56:13","guid":{"rendered":"http:\/\/ipv.salta.gov.ar\/?p=4471"},"modified":"2013-09-23T14:56:13","modified_gmt":"2013-09-23T16:56:13","slug":"ciento-cincuenta-familias-de-tartagal-se-beneficiaran-con-nuevas-viviendas","status":"publish","type":"post","link":"http:\/\/ipv.salta.gov.ar\/?p=4471","title":{"rendered":"CIENTO CINCUENTA FAMILIAS DE TARTAGAL SE BENEFICIAR\u00c1N CON NUEVAS VIVIENDAS"},"content":{"rendered":"<p><strong><a href=\"http:\/\/ipv.salta.gov.ar\/wp-content\/uploads\/2013\/09\/Imagen-011.jpg\"><img decoding=\"async\" loading=\"lazy\" class=\"alignleft size-medium wp-image-4472\" alt=\"Imagen 011\" src=\"http:\/\/ipv.salta.gov.ar\/wp-content\/uploads\/2013\/09\/Imagen-011-300x200.jpg\" width=\"300\" height=\"200\" srcset=\"http:\/\/ipv.salta.gov.ar\/wp-content\/uploads\/2013\/09\/Imagen-011-300x200.jpg 300w, http:\/\/ipv.salta.gov.ar\/wp-content\/uploads\/2013\/09\/Imagen-011-1024x682.jpg 1024w\" sizes=\"(max-width: 300px) 100vw, 300px\" \/><\/a>Durante la visita de obra por las localidades del norte de la provincia, el Presidente del Instituto Provincial de Vivienda, Fernando Alesanco rubric\u00f3 un nuevo convenio con el municipio de Tartagal para poner en marcha la construcci\u00f3n de 150 nuevas viviendas de un dormitorio.<\/strong><\/p>\n<p><!--more--><\/p>\n<p>En las oficinas de la intendencia de Tartagal, el titular del IPV, Fernando Alesanco firm\u00f3 un convenio con el jefe comunal, Sergio Leavy para la construcci\u00f3n de 150 viviendas pertenecientes al programa federal \u201cMejor Vivir II\u201d. Acompa\u00f1\u00f3 el acto el secretario de Obras P\u00fablicas, Sergio Zorpudes.<\/p>\n<p>Los beneficiarios ser\u00e1n familias de escasos recursos econ\u00f3micos y las viviendas se emplazar\u00e1n en terrenos de los propietarios que tienen que poseer los servicios b\u00e1sicos.<\/p>\n<p>Las viviendas que se empezar\u00e1n a construir en el pr\u00f3ximo mes y contar\u00e1n con un dormitorio, cocina -comedor, ba\u00f1o y lavadero externo. La inversi\u00f3n de la obra ser\u00e1 de $12.750.000.<\/p>\n<p>En Tartagal el  IPV tiene en ejecuci\u00f3n 4 viviendas del programa Mi Casa, adem\u00e1s de m\u00e1s de 170 casas para distintas comunidades abor\u00edgenes, mientras que en los pr\u00f3ximos<\/p>\n<p>d\u00edas se iniciar\u00e1 la construcci\u00f3n de 100 viviendas e infraestructura pertenecientes al programa federal \u201cTecho Digno\u201d.<\/p>\n","protected":false},"excerpt":{"rendered":"<p>Durante la visita de obra por las localidades del norte de la provincia, el Presidente del Instituto Provincial de Vivienda, Fernando Alesanco rubric\u00f3 un nuevo convenio con el municipio de Tartagal para poner en marcha la construcci\u00f3n de 150 nuevas viviendas de un dormitorio.<\/p>\n","protected":false},"author":3,"featured_media":0,"comment_status":"closed","ping_status":"open","sticky":false,"template":"","format":"standard","meta":{"footnotes":""},"categories":[4],"tags":[],"_links":{"self":[{"href":"http:\/\/ipv.salta.gov.ar\/index.php?rest_route=\/wp\/v2\/posts\/4471"}],"collection":[{"href":"http:\/\/ipv.salta.gov.ar\/index.php?rest_route=\/wp\/v2\/posts"}],"about":[{"href":"http:\/\/ipv.salta.gov.ar\/index.php?rest_route=\/wp\/v2\/types\/post"}],"author":[{"embeddable":true,"href":"http:\/\/ipv.salta.gov.ar\/index.php?rest_route=\/wp\/v2\/users\/3"}],"replies":[{"embeddable":true,"href":"http:\/\/ipv.salta.gov.ar\/index.php?rest_route=%2Fwp%2Fv2%2Fcomments&post=4471"}],"version-history":[{"count":1,"href":"http:\/\/ipv.salta.gov.ar\/index.php?rest_route=\/wp\/v2\/posts\/4471\/revisions"}],"predecessor-version":[{"id":4473,"href":"http:\/\/ipv.salta.gov.ar\/index.php?rest_route=\/wp\/v2\/posts\/4471\/revisions\/4473"}],"wp:attachment":[{"href":"http:\/\/ipv.salta.gov.ar\/index.php?rest_route=%2Fwp%2Fv2%2Fmedia&parent=4471"}],"wp:term":[{"taxonomy":"category","embeddable":true,"href":"http:\/\/ipv.salta.gov.ar\/index.php?rest_route=%2Fwp%2Fv2%2Fcategories&post=4471"},{"taxonomy":"post_tag","embeddable":true,"href":"http:\/\/ipv.salta.gov.ar\/index.php?rest_route=%2Fwp%2Fv2%2Ftags&post=4471"}],"curies":[{"name":"wp","href":"https:\/\/api.w.org\/{rel}","templated":true}]}}